{"id":17610,"date":"2021-03-16T14:03:04","date_gmt":"2021-03-16T17:03:04","guid":{"rendered":"https:\/\/blogs.correiobraziliense.com.br\/vicente\/?p=17610"},"modified":"2021-03-16T14:29:46","modified_gmt":"2021-03-16T17:29:46","slug":"os-quatro-filhos-de-bolsonaro-estao-sob-investigacao-da-justica-e-da-pf","status":"publish","type":"post","link":"https:\/\/blogs.correiobraziliense.com.br\/vicente\/os-quatro-filhos-de-bolsonaro-estao-sob-investigacao-da-justica-e-da-pf\/","title":{"rendered":"Os quatro filhos de Bolsonaro est\u00e3o sob investiga\u00e7\u00e3o da Justi\u00e7a e da PF"},"content":{"rendered":"<h2>O presidente Jair Bolsonaro venceu as disputas eleitorais de 2018 com um duro discurso contra a corrup\u00e7\u00e3o. Garantia que, no seu governo, tudo seria diferente. Pois bem, quase dois anos e meio depois da posse dele, os quatro filhos \u2014 Fl\u00e1vio, Eduardo, Carlos e Renan \u2014 est\u00e3o sob investiga\u00e7\u00e3o da Justi\u00e7a e da Pol\u00edcia Federal.<\/h2>\n<p>&nbsp;<\/p>\n<p>O caso mais recente envolve o filho mais novo do presidente: Renan Bolsonaro. A Pol\u00edcia Federal abriu, na segunda-feira (15\/03), um inqu\u00e9rito para apurar neg\u00f3cios envolvendo o 04. O alvo, segundo a <em>Folha de S. Paulo<\/em>, \u00e9 uma empresa de Renan que tem rela\u00e7\u00f5es com o governo federal. O 04 teria a miss\u00e3o de abrir portas no Executivo.<\/p>\n<p>&nbsp;<\/p>\n<p><a href=\"https:\/\/blogs.correiobraziliense.com.br\/vicente\/wp-content\/uploads\/sites\/16\/2019\/01\/Flavio.jpg\"><img loading=\"lazy\" decoding=\"async\" class=\"wp-image-9785 alignleft\" src=\"https:\/\/blogs.correiobraziliense.com.br\/vicente\/wp-content\/uploads\/sites\/16\/2019\/01\/Flavio.jpg\" alt=\"\" width=\"508\" height=\"338\" srcset=\"https:\/\/blogs.correiobraziliense.com.br\/vicente\/wp-content\/uploads\/sites\/16\/2019\/01\/Flavio.jpg 820w, https:\/\/blogs.correiobraziliense.com.br\/vicente\/wp-content\/uploads\/sites\/16\/2019\/01\/Flavio-300x200.jpg 300w, https:\/\/blogs.correiobraziliense.com.br\/vicente\/wp-content\/uploads\/sites\/16\/2019\/01\/Flavio-768x511.jpg 768w, https:\/\/blogs.correiobraziliense.com.br\/vicente\/wp-content\/uploads\/sites\/16\/2019\/01\/Flavio-350x233.jpg 350w, https:\/\/blogs.correiobraziliense.com.br\/vicente\/wp-content\/uploads\/sites\/16\/2019\/01\/Flavio-550x366.jpg 550w, https:\/\/blogs.correiobraziliense.com.br\/vicente\/wp-content\/uploads\/sites\/16\/2019\/01\/Flavio-230x153.jpg 230w\" sizes=\"auto, (max-width: 508px) 100vw, 508px\" \/><\/a><\/p>\n<p>O filho mais velho, o senador Fl\u00e1vio Bolsonaro, \u00e9 acusado de comandar um esquema de rachadinha quando era deputado na Assembleia Legislativa do Rio de Janeiro. Pelas investiga\u00e7\u00f5es, ele receberia boa parte dos sal\u00e1rios de pessoas empregadas em seu gabinete. Os recursos teriam sido lavados em uma loja de chocolates, que foi vendida para que Fl\u00e1vio pagasse parte da entrada da mans\u00e3o que comprou em Bras\u00edlia por quase R$ 6 milh\u00f5es.<\/p>\n<p>&nbsp;<\/p>\n<p>O mesmo esquema de rachadinhas, com funcion\u00e1rios fantasmas, \u00e9 investigado no gabinete do vereador Carlos Bolsonaro na C\u00e2mara Legislativa do Rio de Janeiro. O Minist\u00e9rio P\u00fablico j\u00e1 levantou uma s\u00e9rie de informa\u00e7\u00f5es. Carlos, assim com Fl\u00e1vio, negam as irregularidades e se dizem v\u00edtimas de persegui\u00e7\u00e3o pol\u00edtica para prejudicar o pai.<\/p>\n<p>&nbsp;<\/p>\n<p>O deputado Eduardo Bolsonaro, por sua vez, \u00e9 alvo de um inqu\u00e9rito aberto pelo Supremo Tribunal Federal (STF) para apurar a dissemina\u00e7\u00e3o de not\u00edcias falsas contra autoridades e o financiamento de atos antidemocr\u00e1ticos. As investiga\u00e7\u00f5es est\u00e3o a cargo da Pol\u00edcia Federal.<\/p>\n<p>&nbsp;<\/p>\n<p>No caso de Fl\u00e1vio, em fevereiro \u00faltimo, o Superior Tribunal de Justi\u00e7a (STJ) anulou as quebras de sigilo relacionadas ao caso das rachadinhas. E, nesta ter\u00e7a-feira (16\/03), pode enterrar o caso de vez ao considerar ilegal a investiga\u00e7\u00e3o realizada pelo Coaf, o \u00f3rg\u00e3o de intelig\u00eancia financeira do governo.<\/p>\n<p>&nbsp;<\/p>\n<p>Todas essas investiga\u00e7\u00f5es t\u00eam causado apreens\u00e3o no presidente da Rep\u00fablica, que, a cada nova den\u00fancia contra os filhos, cria fatos para tentar distrair a opini\u00e3o p\u00fablica. Mas os casos j\u00e1 pesam na popularidade do governo, que est\u00e1 em baixa.<\/p>\n<p>&nbsp;<\/p>\n<p><em>Bras\u00edlia, 14h03min<\/em><\/p>\n","protected":false},"excerpt":{"rendered":"<p>O presidente Jair Bolsonaro venceu as disputas eleitorais de 2018 com um duro discurso contra a corrup\u00e7\u00e3o. Garantia que, no seu governo, tudo seria diferente. Pois bem, quase dois anos e meio depois da posse dele, os quatro filhos \u2014 Fl\u00e1vio, Eduardo, Carlos e Renan \u2014 est\u00e3o sob investiga\u00e7\u00e3o da Justi\u00e7a e da Pol\u00edcia Federal. [&hellip;]<\/p>\n","protected":false},"author":22,"featured_media":15805,"comment_status":"open","ping_status":"closed","sticky":false,"template":"","format":"standard","meta":{"footnotes":""},"categories":[600],"tags":[926,5267,2526,2787],"class_list":["post-17610","post","type-post","status-publish","format-standard","has-post-thumbnail","hentry","category-economia","tag-brasilia","tag-os-quatro-filhos-de-bolsonaro-estao-sob-investigacao-da-justica-e-da-pf","tag-poder","tag-politica"],"_links":{"self":[{"href":"https:\/\/blogs.correiobraziliense.com.br\/vicente\/wp-json\/wp\/v2\/posts\/17610","targetHints":{"allow":["GET"]}}],"collection":[{"href":"https:\/\/blogs.correiobraziliense.com.br\/vicente\/wp-json\/wp\/v2\/posts"}],"about":[{"href":"https:\/\/blogs.correiobraziliense.com.br\/vicente\/wp-json\/wp\/v2\/types\/post"}],"author":[{"embeddable":true,"href":"https:\/\/blogs.correiobraziliense.com.br\/vicente\/wp-json\/wp\/v2\/users\/22"}],"replies":[{"embeddable":true,"href":"https:\/\/blogs.correiobraziliense.com.br\/vicente\/wp-json\/wp\/v2\/comments?post=17610"}],"version-history":[{"count":1,"href":"https:\/\/blogs.correiobraziliense.com.br\/vicente\/wp-json\/wp\/v2\/posts\/17610\/revisions"}],"predecessor-version":[{"id":17611,"href":"https:\/\/blogs.correiobraziliense.com.br\/vicente\/wp-json\/wp\/v2\/posts\/17610\/revisions\/17611"}],"wp:featuredmedia":[{"embeddable":true,"href":"https:\/\/blogs.correiobraziliense.com.br\/vicente\/wp-json\/wp\/v2\/media\/15805"}],"wp:attachment":[{"href":"https:\/\/blogs.correiobraziliense.com.br\/vicente\/wp-json\/wp\/v2\/media?parent=17610"}],"wp:term":[{"taxonomy":"category","embeddable":true,"href":"https:\/\/blogs.correiobraziliense.com.br\/vicente\/wp-json\/wp\/v2\/categories?post=17610"},{"taxonomy":"post_tag","embeddable":true,"href":"https:\/\/blogs.correiobraziliense.com.br\/vicente\/wp-json\/wp\/v2\/tags?post=17610"}],"curies":[{"name":"wp","href":"https:\/\/api.w.org\/{rel}","templated":true}]}}