{"id":17592,"date":"2021-03-16T12:15:31","date_gmt":"2021-03-16T15:15:31","guid":{"rendered":"https:\/\/blogs.correiobraziliense.com.br\/vicente\/?p=17592"},"modified":"2021-03-16T20:17:01","modified_gmt":"2021-03-16T23:17:01","slug":"governo-registra-2603-mil-empregos-formais-criados-em-janeiro","status":"publish","type":"post","link":"https:\/\/blogs.correiobraziliense.com.br\/vicente\/governo-registra-2603-mil-empregos-formais-criados-em-janeiro\/","title":{"rendered":"Governo registra 260,3 mil empregos formais criados em janeiro"},"content":{"rendered":"<p><span style=\"font-weight: 400\">ROSANA HESSEL<\/span><\/p>\n<p>&nbsp;<\/p>\n<p><span style=\"font-weight: 400\">O mercado de trabalho brasileiro encerrou janeiro com a cria\u00e7\u00e3o de 260.353 empregos formais, ap\u00f3s computar o saldo negativo de 93,3 mil empregos com carteira assinada em dezembro de 2021, conforme dados do novo Cadastro Geral de Empregados e Desempregados (Caged) do Minist\u00e9rio da Economia. Esse dado foi resultado da diferen\u00e7a entre 1.527.083 admiss\u00f5es e 1.266.730 desligamentos computados pelo indicador no primeiro m\u00eas de 2021,\u00a0<\/span><span style=\"font-weight: 400\">que foi o &#8220;melhor janeiro de hist\u00f3ria&#8221;, segundo o secret\u00e1rio especial de Previd\u00eancia e Trabalho, Bruno Bianco. <\/span><\/p>\n<p>&nbsp;<\/p>\n<p><span style=\"font-weight: 400\">S\u00e3o Paulo, que declarou estado de emerg\u00eancia nesta semana devido ao agravamento da pandemia de covid-19, liderou o ranking de 24 estados com saldo positivo. Alagoas, Para\u00edba e Rio de Janeiro tiveram fechamento de vagas. O sal\u00e1rio m\u00e9dio de admiss\u00e3o contabilizado pelo governo ficou em R$ 1.760,14, dado 1,15% acima dos R$ 1.740,08 de dezembro.<\/span><\/p>\n<p>&nbsp;<\/p>\n<p><span style=\"font-weight: 400\">De acordo com o relat\u00f3rio do Caged, 24 dos 27 entes federativos registraram saldos positivos. S\u00e3o Paulo computou 75.203 novos postos gerados, seguido por\u00a0 Santa Catarina, com 32.077, e Rio Grande do Sul, com 27.168. Alagoas, Para\u00edba e Rio de Janeiro, tiveram saldos negativos de 198, 174 e 44, respectivamente, e, portanto, fecharam vagas de trabalho formais.<\/span><\/p>\n<p>&nbsp;<\/p>\n<p><span style=\"font-weight: 400\">De acordo com a pasta, o resultado positivo do primeiro m\u00eas do ano \u201cmostra que o pa\u00eds continuou com a recupera\u00e7\u00e3o econ\u00f4mica ap\u00f3s o pico de casos de covid-19 de 2020, que fechou parte das atividades econ\u00f4micas no pa\u00eds\u201d.\u00a0 Na compara\u00e7\u00e3o com<\/span><span style=\"font-weight: 400\">\u00a0janeiro de 2020, quando a gera\u00e7\u00e3o de empregos somou 117.793 (com ajustes), a alta foi de 121%. Esse aumento, em grande parte, \u00e9 resultado do\u00a0<\/span><span style=\"font-weight: 400\">Programa Emergencial de Manuten\u00e7\u00e3o do Emprego e da Renda (BEm), foi importante para esse resultado e dever\u00e1 ser reeditado &#8220;em breve&#8221;, em um novo formato, segundo Bianco.\u00a0<\/span><\/p>\n<p>&nbsp;<\/p>\n<p><span style=\"font-weight: 400\">No m\u00eas de janeiro, 3,5 milh\u00f5es de trabalhadores protegidos em janeiro, e o n\u00famero que vai ser decrescente mensalmente at\u00e9 agosto, quando acaba o prazo do acordo para a manuten\u00e7\u00e3o do BEm.<\/span><\/p>\n<p>&nbsp;<\/p>\n<p><span style=\"font-weight: 400\">Conforme os dados do Caged,\u00a0 o\u00a0<\/span><span style=\"font-weight: 400\">estoque de empregos formais no pa\u00eds chegou a 39,623 milh\u00f5es de v\u00ednculos com crescimento em todos os setores de atividade econ\u00f4mica. Esse dado teve alta de 0,6% sobre o saldo de dezembro, de 39,362 milh\u00f5es, e varia\u00e7\u00e3o parecida em rela\u00e7\u00e3o aos 39,368 milh\u00f5es de empregos formais de janeiro de 2020.<\/span><\/p>\n<p>&nbsp;<\/p>\n<p><span style=\"font-weight: 400\">Segundo a pasta, os grupamentos de atividades econ\u00f4micas apresentaram saldo positivo, com destaque para a ind\u00fastria que gerou <\/span><span style=\"font-weight: 400\">90.431 novos postos de trabalho formais em segmentos como confec\u00e7\u00f5es, com 7.855 vagas e a maior parte delas no Paran\u00e1 (3.058). O segundo maior saldo foi no setor de fabricantes de cal\u00e7ados de couro, de 5.762 vagas,\u00a0<\/span><span style=\"font-weight: 400\">principalmente na Bahia (1.670) e Rio Grande do Sul (1.658).<\/span><\/p>\n<p>&nbsp;<\/p>\n<p><span style=\"font-weight: 400\">O setor de servi\u00e7os apresentou o segundo melhor saldo, gerando 83.686 novas vagas com carteira assinada, com destaque para os segmentos de &#8220;informa\u00e7\u00e3o, comunica\u00e7\u00e3o e atividades financeiras, imobili\u00e1rias, profissionais e administrativas\u201d, com 55.896 novas posi\u00e7\u00f5es de trabalho. A administra\u00e7\u00e3o p\u00fablica, defesa e seguridade social, educa\u00e7\u00e3o, sa\u00fade humana e servi\u00e7os sociais, gerou 18.353 coloca\u00e7\u00f5es e ficou em segundo lugar. J\u00e1 o terceiro maior crescimento do emprego formal ocorreu no setor da constru\u00e7\u00e3o, com saldo de 43.498 postos de trabalho formais, onde a subclasse \u201cconstru\u00e7\u00e3o de edif\u00edcios\u201d, teve saldo positivo de 16.636 postos. <\/span><\/p>\n<p>&nbsp;<\/p>\n<p><span style=\"font-weight: 400\">A agropecu\u00e1ria tamb\u00e9m apresentou saldo positivo de 32.986, principalmente no\u00a0 cultivo de ma\u00e7\u00e3 e de soja, com 12.222 e 9.194 vagas criadas, respectivamente.<\/span><\/p>\n<p>&nbsp;<\/p>\n<p>&nbsp;<\/p>\n<p>&nbsp;<\/p>\n","protected":false},"excerpt":{"rendered":"<p>ROSANA HESSEL &nbsp; O mercado de trabalho brasileiro encerrou janeiro com a cria\u00e7\u00e3o de 260.353 empregos formais, ap\u00f3s computar o saldo negativo de 93,3 mil empregos com carteira assinada em dezembro de 2021, conforme dados do novo Cadastro Geral de Empregados e Desempregados (Caged) do Minist\u00e9rio da Economia. Esse dado foi resultado da diferen\u00e7a entre [&hellip;]<\/p>\n","protected":false},"author":22,"featured_media":17184,"comment_status":"open","ping_status":"closed","sticky":false,"template":"","format":"standard","meta":{"footnotes":""},"categories":[600],"tags":[413,5265,1343,3666,4510],"class_list":["post-17592","post","type-post","status-publish","format-standard","has-post-thumbnail","hentry","category-economia","tag-caged","tag-carteira-assinada","tag-emprego","tag-ministerio-da-economia","tag-pandemia"],"_links":{"self":[{"href":"https:\/\/blogs.correiobraziliense.com.br\/vicente\/wp-json\/wp\/v2\/posts\/17592","targetHints":{"allow":["GET"]}}],"collection":[{"href":"https:\/\/blogs.correiobraziliense.com.br\/vicente\/wp-json\/wp\/v2\/posts"}],"about":[{"href":"https:\/\/blogs.correiobraziliense.com.br\/vicente\/wp-json\/wp\/v2\/types\/post"}],"author":[{"embeddable":true,"href":"https:\/\/blogs.correiobraziliense.com.br\/vicente\/wp-json\/wp\/v2\/users\/22"}],"replies":[{"embeddable":true,"href":"https:\/\/blogs.correiobraziliense.com.br\/vicente\/wp-json\/wp\/v2\/comments?post=17592"}],"version-history":[{"count":19,"href":"https:\/\/blogs.correiobraziliense.com.br\/vicente\/wp-json\/wp\/v2\/posts\/17592\/revisions"}],"predecessor-version":[{"id":17630,"href":"https:\/\/blogs.correiobraziliense.com.br\/vicente\/wp-json\/wp\/v2\/posts\/17592\/revisions\/17630"}],"wp:featuredmedia":[{"embeddable":true,"href":"https:\/\/blogs.correiobraziliense.com.br\/vicente\/wp-json\/wp\/v2\/media\/17184"}],"wp:attachment":[{"href":"https:\/\/blogs.correiobraziliense.com.br\/vicente\/wp-json\/wp\/v2\/media?parent=17592"}],"wp:term":[{"taxonomy":"category","embeddable":true,"href":"https:\/\/blogs.correiobraziliense.com.br\/vicente\/wp-json\/wp\/v2\/categories?post=17592"},{"taxonomy":"post_tag","embeddable":true,"href":"https:\/\/blogs.correiobraziliense.com.br\/vicente\/wp-json\/wp\/v2\/tags?post=17592"}],"curies":[{"name":"wp","href":"https:\/\/api.w.org\/{rel}","templated":true}]}}