{"id":17586,"date":"2021-03-15T21:01:23","date_gmt":"2021-03-16T00:01:23","guid":{"rendered":"https:\/\/blogs.correiobraziliense.com.br\/vicente\/?p=17586"},"modified":"2021-03-15T21:28:40","modified_gmt":"2021-03-16T00:28:40","slug":"acordo-facilita-a-criacao-da-identidade-digital-dos-brasileiros","status":"publish","type":"post","link":"https:\/\/blogs.correiobraziliense.com.br\/vicente\/acordo-facilita-a-criacao-da-identidade-digital-dos-brasileiros\/","title":{"rendered":"Acordo facilita a cria\u00e7\u00e3o da identidade digital dos brasileiros"},"content":{"rendered":"<h2>A promessa de identidade digital para todos os brasileiros est\u00e1 mais perto de sair do papel. O presidente do Tribunal Superior Eleitoral (TSE), ministro Lu\u00eds Roberto Barroso, e os ministros da Economia, Paulo Guedes, e da Secretaria-Geral da Presid\u00eancia da Rep\u00fablica, Onyx Lorenzoni, assinaram, nesta segunda-feira (15\/3), acordo de coopera\u00e7\u00e3o t\u00e9cnica para a Identifica\u00e7\u00e3o Civil Nacional (ICN). A meta \u00e9 fortalecer o sistema nacional integrado de identifica\u00e7\u00e3o do cidad\u00e3o e oferecer a identidade digital a todos os brasileiros.<\/h2>\n<p>&nbsp;<\/p>\n<p>\u201cEstamos juntos nesse trabalho. De um lado, com a base de dados biom\u00e9trica riqu\u00edssima e, do outro, a digitaliza\u00e7\u00e3o dos servi\u00e7os. Isso \u00e9 fundamental para a seguran\u00e7a das transa\u00e7\u00f5es financeiras que v\u00eam pela frente. O PiX, o open banking, todos os servi\u00e7os que a economia est\u00e1 querendo aprimorar em efici\u00eancia e planejamento, s\u00e3o, na verdade, vias digitais para que todas essas transa\u00e7\u00f5es sejam feitas com seguran\u00e7a, qualidade de pol\u00edticas p\u00fablicas e focaliza\u00e7\u00e3o dessas pol\u00edticas\u201d, afirma.<\/p>\n<p>&nbsp;<\/p>\n<p>A Identifica\u00e7\u00e3o Civil Nacional foi criada por meio da Lei n\u00ba 13.444\/2017, cuja responsabilidade do TSE. Para\u00a0Barroso, a medida facilitar\u00e1 a vida dos brasileiros e eliminar\u00e1 fraudes. \u201cA confer\u00eancia de dados, com base nos dados do Tribunal Superior Eleitoral, sempre ter\u00e1 a anu\u00eancia do interessado e, portanto, n\u00e3o h\u00e1 nenhuma viola\u00e7\u00e3o de privacidade. Tudo \u00e9 feito em pleno respeito \u00e0 Lei Geral de Prote\u00e7\u00e3o de Dados\u201d, diz.<\/p>\n<p>&nbsp;<\/p>\n<p>Segundo o Minist\u00e9rio da Economia, na pr\u00e1tica, a a\u00e7\u00e3o facilitar\u00e1 a vida do cidad\u00e3o em diferentes esferas, pois servir\u00e1 de base para comprova\u00e7\u00e3o de identidade em diversas ocasi\u00f5es, como o embarque em viagens nacionais utilizando a valida\u00e7\u00e3o biom\u00e9trica e a prova de vida para benefici\u00e1rios do Instituto Nacional do Seguro Social (INSS). Tamb\u00e9m ser\u00e1 poss\u00edvel a cria\u00e7\u00e3o do Documento Nacional de Identifica\u00e7\u00e3o (DNI).<\/p>\n<p>&nbsp;<\/p>\n<p>O minist\u00e9rio informa que duas aplica\u00e7\u00f5es resultantes dessa parceria j\u00e1 est\u00e3o em uso pelos brasileiros. A prova de vida digital do INSS \u2014 que envolve 7 milh\u00f5es de benefici\u00e1rios de todo o pa\u00eds \u2014 permite ao segurado realizar o procedimento anual sem sair de casa, validando sua biometria facial na ICN. O Embarque Seguro, com projeto-piloto nos aeroportos de Salvador (BA), Florian\u00f3polis (SC) e Rio de Janeiro (RJ), permite a valida\u00e7\u00e3o dos dados do passageiro na Identifica\u00e7\u00e3o Civil Nacional sem a necessidade de contato ou de apresenta\u00e7\u00e3o de documentos durante o check-in e o embarque na aeronave.<\/p>\n<p>&nbsp;<\/p>\n<p>Pelo projeto, a identidade digital ter\u00e1 a seguran\u00e7a como principal caracter\u00edstica, pois garantir\u00e1 que ningu\u00e9m tente se passar por outra pessoa na hora da identifica\u00e7\u00e3o. Isso s\u00f3 ser\u00e1 poss\u00edvel porque utilizar\u00e1 dados biom\u00e9tricos, que s\u00e3o \u00fanicos em cada indiv\u00edduo. Os dados s\u00e3o os mesmos coletados pela Justi\u00e7a Eleitoral quando o cidad\u00e3o se cadastra como eleitor. At\u00e9 o momento, 120 milh\u00f5es de pessoas j\u00e1 possuem cadastro biom\u00e9trico em todo o pa\u00eds.<\/p>\n<p>&nbsp;<\/p>\n<p>A identidade digital ser\u00e1 gerada por um aplicativo gratuito, que pode ser utilizado em smartphones e tablets com sistemas Android e iOS, a ser ofertado pelo governo federal. A ferramenta tem o formato wallet, ou seja, poder\u00e1 congregar outros documentos, como o Cadastro Pessoa F\u00edsica (CPF), Carteira Nacional de Habilita\u00e7\u00e3o (CNH) e T\u00edtulo Eleitoral.<\/p>\n<p>&nbsp;<\/p>\n<p><em>Bras\u00edlia, 21h01min<\/em><\/p>\n","protected":false},"excerpt":{"rendered":"<p>A promessa de identidade digital para todos os brasileiros est\u00e1 mais perto de sair do papel. O presidente do Tribunal Superior Eleitoral (TSE), ministro Lu\u00eds Roberto Barroso, e os ministros da Economia, Paulo Guedes, e da Secretaria-Geral da Presid\u00eancia da Rep\u00fablica, Onyx Lorenzoni, assinaram, nesta segunda-feira (15\/3), acordo de coopera\u00e7\u00e3o t\u00e9cnica para a Identifica\u00e7\u00e3o Civil [&hellip;]<\/p>\n","protected":false},"author":22,"featured_media":13463,"comment_status":"open","ping_status":"closed","sticky":false,"template":"","format":"standard","meta":{"footnotes":""},"categories":[600],"tags":[589,2526,2787],"class_list":["post-17586","post","type-post","status-publish","format-standard","has-post-thumbnail","hentry","category-economia","tag-economia","tag-poder","tag-politica"],"_links":{"self":[{"href":"https:\/\/blogs.correiobraziliense.com.br\/vicente\/wp-json\/wp\/v2\/posts\/17586","targetHints":{"allow":["GET"]}}],"collection":[{"href":"https:\/\/blogs.correiobraziliense.com.br\/vicente\/wp-json\/wp\/v2\/posts"}],"about":[{"href":"https:\/\/blogs.correiobraziliense.com.br\/vicente\/wp-json\/wp\/v2\/types\/post"}],"author":[{"embeddable":true,"href":"https:\/\/blogs.correiobraziliense.com.br\/vicente\/wp-json\/wp\/v2\/users\/22"}],"replies":[{"embeddable":true,"href":"https:\/\/blogs.correiobraziliense.com.br\/vicente\/wp-json\/wp\/v2\/comments?post=17586"}],"version-history":[{"count":1,"href":"https:\/\/blogs.correiobraziliense.com.br\/vicente\/wp-json\/wp\/v2\/posts\/17586\/revisions"}],"predecessor-version":[{"id":17588,"href":"https:\/\/blogs.correiobraziliense.com.br\/vicente\/wp-json\/wp\/v2\/posts\/17586\/revisions\/17588"}],"wp:featuredmedia":[{"embeddable":true,"href":"https:\/\/blogs.correiobraziliense.com.br\/vicente\/wp-json\/wp\/v2\/media\/13463"}],"wp:attachment":[{"href":"https:\/\/blogs.correiobraziliense.com.br\/vicente\/wp-json\/wp\/v2\/media?parent=17586"}],"wp:term":[{"taxonomy":"category","embeddable":true,"href":"https:\/\/blogs.correiobraziliense.com.br\/vicente\/wp-json\/wp\/v2\/categories?post=17586"},{"taxonomy":"post_tag","embeddable":true,"href":"https:\/\/blogs.correiobraziliense.com.br\/vicente\/wp-json\/wp\/v2\/tags?post=17586"}],"curies":[{"name":"wp","href":"https:\/\/api.w.org\/{rel}","templated":true}]}}