{"id":17574,"date":"2021-03-15T19:35:55","date_gmt":"2021-03-15T22:35:55","guid":{"rendered":"https:\/\/blogs.correiobraziliense.com.br\/vicente\/?p=17574"},"modified":"2021-03-15T21:46:24","modified_gmt":"2021-03-16T00:46:24","slug":"centrao-vence-mais-uma-marcelo-queiroga-vai-comandar-o-ministerio-da-saude","status":"publish","type":"post","link":"https:\/\/blogs.correiobraziliense.com.br\/vicente\/centrao-vence-mais-uma-marcelo-queiroga-vai-comandar-o-ministerio-da-saude\/","title":{"rendered":"Centr\u00e3o vence mais uma: Marcelo Queiroga vai comandar o Minist\u00e9rio da Sa\u00fade"},"content":{"rendered":"<h2>O aval do senador Ciro Nogueira, do PP do Piau\u00ed, que esteve na tarde desta segunda-feira (15\/03) no Pal\u00e1cio do Planalto, foi determinante para que o presidente Jair Bolsonaro nomeasse o m\u00e9dico Marcelo Queiroga, presidente da Sociedade Brasileira de Cardiologia (SBC), para o comando do Minist\u00e9rio da Sa\u00fade. Com isso, o Centr\u00e3o vence mais uma.<\/h2>\n<p>&nbsp;<\/p>\n<p>Bolsonaro correu para fechar o nome do sucessor do general Eduardo Pazuello depois do desgaste provocado pela negativa da cardiologista Ludhmila Hajja para o minist\u00e9rio. Ela disse que rejeitou o convite devido \u00e0 postura negacionista do presidente, que insiste em tratamento preventivo contra a covid-19 com cloroquina e em cr\u00edticas ao distanciamento social.<\/p>\n<p>&nbsp;<\/p>\n<p>Vale lembrar que Ludhmila Hajja tamb\u00e9m tinha o apoio do Centr\u00e3o. A m\u00e9dica havia sido referendada pelo presidente da C\u00e2mara, Arthur Lira. Ele disse que, caso ela fosse nomeada ministra, teria todo o seu apoio e do Parlamento como um todo.<\/p>\n<p>&nbsp;<\/p>\n<p>Apesar de o nome de Queiroga ser apresentado pelo senador Fl\u00e1vio Bolsonaro (Republicanos), com aval dos l\u00edderes do Centr\u00e3o, Bolsonaro considera o m\u00e9dico uma &#8220;grife&#8221; para o governo, sobretudo neste momento de enorme desgaste, em que o n\u00famero de mortes provocadas pelo novo coronav\u00edrus bate recorde. Queiroga foi eleitor de Bolsonaro.<\/p>\n<p>&nbsp;<\/p>\n<p>A pergunta que todos se fazem \u00e9 se o novo ministro da Sa\u00fade rasgar\u00e1 todo o discurso que vem fazendo no sentido de se tomar medidas duras para conter o estrago da covid-19. O Brasil caminha rapidamente para a tr\u00e1gica marca de 300 mil morte pela doen\u00e7a.<\/p>\n<p>&nbsp;<\/p>\n<p>Queiroga \u00e9 o quarto ministro da Sa\u00fade do governo Bolsonaro.<\/p>\n<p>&nbsp;<\/p>\n<p><em>Bras\u00edlia, 19h35min<\/em><\/p>\n","protected":false},"excerpt":{"rendered":"<p>O aval do senador Ciro Nogueira, do PP do Piau\u00ed, que esteve na tarde desta segunda-feira (15\/03) no Pal\u00e1cio do Planalto, foi determinante para que o presidente Jair Bolsonaro nomeasse o m\u00e9dico Marcelo Queiroga, presidente da Sociedade Brasileira de Cardiologia (SBC), para o comando do Minist\u00e9rio da Sa\u00fade. Com isso, o Centr\u00e3o vence mais uma. [&hellip;]<\/p>\n","protected":false},"author":22,"featured_media":17575,"comment_status":"open","ping_status":"closed","sticky":false,"template":"","format":"standard","meta":{"footnotes":""},"categories":[600],"tags":[5264,2526,2787,579],"class_list":["post-17574","post","type-post","status-publish","format-standard","has-post-thumbnail","hentry","category-economia","tag-centrao-vence-mais-uma-marcelo-queiroga-vai-comandar-o-ministerio-da-saude","tag-poder","tag-politica","tag-saude"],"_links":{"self":[{"href":"https:\/\/blogs.correiobraziliense.com.br\/vicente\/wp-json\/wp\/v2\/posts\/17574","targetHints":{"allow":["GET"]}}],"collection":[{"href":"https:\/\/blogs.correiobraziliense.com.br\/vicente\/wp-json\/wp\/v2\/posts"}],"about":[{"href":"https:\/\/blogs.correiobraziliense.com.br\/vicente\/wp-json\/wp\/v2\/types\/post"}],"author":[{"embeddable":true,"href":"https:\/\/blogs.correiobraziliense.com.br\/vicente\/wp-json\/wp\/v2\/users\/22"}],"replies":[{"embeddable":true,"href":"https:\/\/blogs.correiobraziliense.com.br\/vicente\/wp-json\/wp\/v2\/comments?post=17574"}],"version-history":[{"count":9,"href":"https:\/\/blogs.correiobraziliense.com.br\/vicente\/wp-json\/wp\/v2\/posts\/17574\/revisions"}],"predecessor-version":[{"id":17589,"href":"https:\/\/blogs.correiobraziliense.com.br\/vicente\/wp-json\/wp\/v2\/posts\/17574\/revisions\/17589"}],"wp:featuredmedia":[{"embeddable":true,"href":"https:\/\/blogs.correiobraziliense.com.br\/vicente\/wp-json\/wp\/v2\/media\/17575"}],"wp:attachment":[{"href":"https:\/\/blogs.correiobraziliense.com.br\/vicente\/wp-json\/wp\/v2\/media?parent=17574"}],"wp:term":[{"taxonomy":"category","embeddable":true,"href":"https:\/\/blogs.correiobraziliense.com.br\/vicente\/wp-json\/wp\/v2\/categories?post=17574"},{"taxonomy":"post_tag","embeddable":true,"href":"https:\/\/blogs.correiobraziliense.com.br\/vicente\/wp-json\/wp\/v2\/tags?post=17574"}],"curies":[{"name":"wp","href":"https:\/\/api.w.org\/{rel}","templated":true}]}}