{"id":17557,"date":"2021-03-15T12:07:23","date_gmt":"2021-03-15T15:07:23","guid":{"rendered":"https:\/\/blogs.correiobraziliense.com.br\/vicente\/?p=17557"},"modified":"2021-03-15T12:54:43","modified_gmt":"2021-03-15T15:54:43","slug":"ludhmila-hajjar-recusa-convite-de-bolsonaro-para-assumir-ministerio-da-saude","status":"publish","type":"post","link":"https:\/\/blogs.correiobraziliense.com.br\/vicente\/ludhmila-hajjar-recusa-convite-de-bolsonaro-para-assumir-ministerio-da-saude\/","title":{"rendered":"Ludhmila Hajjar recusa convite de Bolsonaro para assumir Minist\u00e9rio da Sa\u00fade"},"content":{"rendered":"<h2>Depois de conversar com familiares e amigos, a cardiologista Ludhmila Hajjar recusou o convite do presidente Jair Bolsonaro para assumir o Minist\u00e9rio da Sa\u00fade no lugar do general Eduardo Pazuello. Ela havia imposto uma s\u00e9rie de condi\u00e7\u00f5es para comandar da pasta, como ter autonomia para montar sua equipe e liberdade para tocar as pol\u00edticas de combate \u00e0 covid-19.<\/h2>\n<p>&nbsp;<\/p>\n<p>Ludhmila disse n\u00e3o a Bolsonaro na manh\u00e3 desta segunda-feira (15\/03) em reuni\u00e3o Pal\u00e1cio do Planalto. A m\u00e9dica e o presidente j\u00e1 tinham conversado no domingo (14\/03) por quase tr\u00eas horas. A cardiologista \u00e9 defensora da vacina\u00e7\u00e3o em massa e de medidas restritivas para conter a dissemina\u00e7\u00e3o do novo coronav\u00edrus, ao contr\u00e1rio de Bolsonaro.<\/p>\n<p>&nbsp;<\/p>\n<p>Diante da recusa de Ludhmila, que vinha sendo bombardeada por aliados de Bolsonaro nas redes sociais, o presidente corre atr\u00e1s para resolver o destino do Minist\u00e9rio da Sa\u00fade o mais rapidamente poss\u00edvel. Est\u00e3o na mira para substituir Pazuello o m\u00e9dico Marcelo Queiroga, presidente da Sociedade Brasileira de Cardiologia, o tamb\u00e9m m\u00e9dico Jos\u00e9 Antonio Franchini Ramires, professor titular do Instituto do Cora\u00e7\u00e3o (Incor) de S\u00e3o Paulo, e o deputado doutor Luizinho, agora, o preferido do Centr\u00e3o.<\/p>\n<p>&nbsp;<\/p>\n<p>A amigos, Ludhmila disse que considerou sim, ser ministra, mas, depois da conversa com Bolsonaro \u2014 que foi muito gentil com ela, mas deixou claro sua posi\u00e7\u00e3o sobre o combate \u00e0 pandemia \u2014 e diante do tiroteio do qual foi v\u00edtima, inclusive com not\u00edcias falsas, teve a clara no\u00e7\u00e3o de que se envolveria em um grande problema, pois n\u00e3o teria liberdade para fazer o que precisa ser feito.<\/p>\n<p>&nbsp;<\/p>\n<p>O Planalto est\u00e1 certo de que a recusa de Ludhmila cria mais ru\u00eddos para a substitui\u00e7\u00e3o de Pazuello no Minist\u00e9rio da Sa\u00fade, pois fica claro que a pol\u00edtica a ser tocada pela pasta continuar\u00e1 a ser a do presidente da Rep\u00fablica, justamente a que est\u00e1 derrubando o general titular do cargo de ministro.<\/p>\n<p>&nbsp;<\/p>\n<p><em>Bras\u00edlia, 12h07min<\/em><\/p>\n","protected":false},"excerpt":{"rendered":"<p>Depois de conversar com familiares e amigos, a cardiologista Ludhmila Hajjar recusou o convite do presidente Jair Bolsonaro para assumir o Minist\u00e9rio da Sa\u00fade no lugar do general Eduardo Pazuello. Ela havia imposto uma s\u00e9rie de condi\u00e7\u00f5es para comandar da pasta, como ter autonomia para montar sua equipe e liberdade para tocar as pol\u00edticas de [&hellip;]<\/p>\n","protected":false},"author":22,"featured_media":17558,"comment_status":"open","ping_status":"closed","sticky":false,"template":"","format":"standard","meta":{"footnotes":""},"categories":[600],"tags":[926,5261,2787,579],"class_list":["post-17557","post","type-post","status-publish","format-standard","has-post-thumbnail","hentry","category-economia","tag-brasilia","tag-ludhmila-hajjar-recusa-convite-de-bolsonaro-para-assumir-ministerio-da-saude","tag-politica","tag-saude"],"_links":{"self":[{"href":"https:\/\/blogs.correiobraziliense.com.br\/vicente\/wp-json\/wp\/v2\/posts\/17557","targetHints":{"allow":["GET"]}}],"collection":[{"href":"https:\/\/blogs.correiobraziliense.com.br\/vicente\/wp-json\/wp\/v2\/posts"}],"about":[{"href":"https:\/\/blogs.correiobraziliense.com.br\/vicente\/wp-json\/wp\/v2\/types\/post"}],"author":[{"embeddable":true,"href":"https:\/\/blogs.correiobraziliense.com.br\/vicente\/wp-json\/wp\/v2\/users\/22"}],"replies":[{"embeddable":true,"href":"https:\/\/blogs.correiobraziliense.com.br\/vicente\/wp-json\/wp\/v2\/comments?post=17557"}],"version-history":[{"count":8,"href":"https:\/\/blogs.correiobraziliense.com.br\/vicente\/wp-json\/wp\/v2\/posts\/17557\/revisions"}],"predecessor-version":[{"id":17566,"href":"https:\/\/blogs.correiobraziliense.com.br\/vicente\/wp-json\/wp\/v2\/posts\/17557\/revisions\/17566"}],"wp:featuredmedia":[{"embeddable":true,"href":"https:\/\/blogs.correiobraziliense.com.br\/vicente\/wp-json\/wp\/v2\/media\/17558"}],"wp:attachment":[{"href":"https:\/\/blogs.correiobraziliense.com.br\/vicente\/wp-json\/wp\/v2\/media?parent=17557"}],"wp:term":[{"taxonomy":"category","embeddable":true,"href":"https:\/\/blogs.correiobraziliense.com.br\/vicente\/wp-json\/wp\/v2\/categories?post=17557"},{"taxonomy":"post_tag","embeddable":true,"href":"https:\/\/blogs.correiobraziliense.com.br\/vicente\/wp-json\/wp\/v2\/tags?post=17557"}],"curies":[{"name":"wp","href":"https:\/\/api.w.org\/{rel}","templated":true}]}}