{"id":17549,"date":"2021-03-15T10:13:06","date_gmt":"2021-03-15T13:13:06","guid":{"rendered":"https:\/\/blogs.correiobraziliense.com.br\/vicente\/?p=17549"},"modified":"2021-03-15T20:05:46","modified_gmt":"2021-03-15T23:05:46","slug":"previa-do-pib-do-banco-central-surpreende-e-avanca-104-em-janeiro","status":"publish","type":"post","link":"https:\/\/blogs.correiobraziliense.com.br\/vicente\/previa-do-pib-do-banco-central-surpreende-e-avanca-104-em-janeiro\/","title":{"rendered":"Pr\u00e9via do PIB do Banco Central surpreende e avan\u00e7a 1,04% em janeiro"},"content":{"rendered":"<h2>ROSANA HESSEL<\/h2>\n<h2><\/h2>\n<h2><span style=\"font-weight: 400\">O \u00cdndice de Atividade Econ\u00f4mica do Banco Central (IBC-Br) registrou avan\u00e7o de 1,04% no m\u00eas de janeiro de 2021, na compara\u00e7\u00e3o com o m\u00eas anterior, conforme os dados dessazonalizados da autoridade monet\u00e1ria divulgados nesta segunda-feira (15\/03).\u00a0<\/span><span style=\"font-weight: 400\">Foi o nono m\u00eas seguido de crescimento. Contudo, sem esse ajuste que compensa as varia\u00e7\u00f5es sazonais,\u00a0<\/span><span style=\"font-weight: 400\">o dado ficou negativo em 0,46% na mesma base de compara\u00e7\u00e3o.<\/span><span style=\"font-weight: 400\">.<\/span><\/h2>\n<p>&nbsp;<\/p>\n<p><span style=\"font-weight: 400\">O resultado do IBC-BR, indicador conhecido como &#8220;pr\u00e9via do PIB (Produto Interno Bruto)&#8221;, ficou acima das expectativas do mercado, cuja mediana das estimativas girava em torno de 0,5% no dado dessazonalizado.\u00a0<\/span>&#8220;Estes n\u00fameros s\u00e3o um alento, mas mostram quanto ainda falta para avan\u00e7ar a economia do pa\u00eds. Um n\u00famero bom desse na v\u00e9spera do Copom (Comit\u00ea de Pol\u00edtica Monet\u00e1ria) pode ajudar a criar o clima para subir a taxa b\u00e1sica&#8221;, avaliou Andr\u00e9 Perfeito, economista-chefe da Necton Investimentos. Ele estava prevendo alta de 0,5% no indicador.<\/p>\n<p>&nbsp;<\/p>\n<p>A segunda reuni\u00e3o do Copom do ano come\u00e7a amanh\u00e3 e termina na quarta-feira. As apostas do mercado s\u00e3o de que os diretores do BC retomar\u00e3o um novo ciclo de alta da taxa b\u00e1sica de juros (Selic), que, atualmente, est\u00e1 em 2% ao ano, o menor patamar da hist\u00f3ria. A meta de infla\u00e7\u00e3o para este ano determinada pelo Conselho Monet\u00e1rio Nacional (CMN) \u00e9 de 3,75% com teto de 5,25%.<\/p>\n<p>&nbsp;<\/p>\n<p>A maioria das proje\u00e7\u00f5es do mercado aponta que o Copom dever\u00e1 decidir elevar a Selic em 0,50 ponto percentual. E, apesar de a mediana das estimativas do Focus para a Selic no fim do ano passar de 4% para 4,5% anuais, grandes bancos, como o Ita\u00fa Unibanco, estimam que a taxa b\u00e1sica de juros encerrar\u00e1 o ano em 5,5%.<\/p>\n<p>&nbsp;<\/p>\n<p><strong>Piora nas proje\u00e7\u00f5es<\/strong><\/p>\n<p>&nbsp;<\/p>\n<p>Apesar dessa largada mais positiva do IBC-Br em janeiro, as proje\u00e7\u00f5es do mercado est\u00e3o em pleno processo de revis\u00e3o para pior, devido ao aumento de incertezas em rela\u00e7\u00e3o \u00e0 retomada da atividade econ\u00f4mica ao longo do ano em meio ao agravamento da segunda onda de cont\u00e1gios da pandemia de covid19 que colocou o Brasil no epicentro global. E, ao mesmo tempo, o processo de vacina\u00e7\u00e3o da popula\u00e7\u00e3o caminha lentamente e, em alguns estados, est\u00e1 sendo interrompida pela falta de imunizante enquanto as vagas para os pacientes nos hospitais p\u00fablicos e privados est\u00e3o cada vez mais escassas.<\/p>\n<p>&nbsp;<\/p>\n<p>A mediana das estimativas do mercado para a infla\u00e7\u00e3o oficial de 2021 medida pelo \u00cdndice de Pre\u00e7os ao Consumidor Amplo (IPCA), passou de 3,98% para 4,6%, de acordo com dados do relat\u00f3rio semanal Focus, do BC, tamb\u00e9m divulgado hoje e baseado nas pesquisas junto a 125 economistas. \u00c9 a d\u00e9cima alta consecutiva na previs\u00e3o e v\u00e1rios analistas j\u00e1 come\u00e7am a prever um cen\u00e1rio de recess\u00e3o t\u00e9cnica no primeiro trimestre do ano, quando h\u00e1 dois trimestres seguidos de queda, e, com infla\u00e7\u00e3o em alta, o quadro poder\u00e1 ser o pior dos mundos: o de estagfla\u00e7\u00e3o, quando n\u00e3o h\u00e1 crescimento econ\u00f4mico, mas a carestia continua corroendo o poder de compra da popula\u00e7\u00e3o.<\/p>\n<p>&nbsp;<\/p>\n<p>De acordo com o boletim Focus, a mediana das proje\u00e7\u00f5es do mercado para o crescimento do PIB deste ano teve a segunda queda consecutiva, para 3,23%, abaixo da expectativa de alta de 3,26%, na semana anterior.<\/p>\n<p>&nbsp;<\/p>\n<p>Analistas continuam prevendo uma taxa de c\u00e2mbio mais desvalorizada e elevaram as proje\u00e7\u00f5es para o d\u00f3lar frente ao real pela quarta semana seguida e, agora, a mediana chega a R$ 5,30, acima dos R$ 5,15 apontados na semana anterior. A divisa norte-americana cada mais valorizada ajuda ainda mais a pressionar os pre\u00e7os no atacado, principalmente, dos alimentos e da gasolina, os principais vil\u00f5es da infla\u00e7\u00e3o. N\u00e3o \u00e0 toa, as proje\u00e7\u00f5es do \u00cdndice Geral de Pre\u00e7os &#8211; Mercado (IGP-M), usado na corre\u00e7\u00e3o do aluguel e que sofre forte influ\u00eancia da varia\u00e7\u00e3o do c\u00e2mbio, passaram a rodar na casa de dois d\u00edgitos, de 11,02%,\u00a0ap\u00f3s 10 semanas de alta.<\/p>\n<p>&nbsp;<\/p>\n<p>&nbsp;<\/p>\n<p>&nbsp;<\/p>\n","protected":false},"excerpt":{"rendered":"<p>ROSANA HESSEL O \u00cdndice de Atividade Econ\u00f4mica do Banco Central (IBC-Br) registrou avan\u00e7o de 1,04% no m\u00eas de janeiro de 2021, na compara\u00e7\u00e3o com o m\u00eas anterior, conforme os dados dessazonalizados da autoridade monet\u00e1ria divulgados nesta segunda-feira (15\/03).\u00a0Foi o nono m\u00eas seguido de crescimento. Contudo, sem esse ajuste que compensa as varia\u00e7\u00f5es sazonais,\u00a0o dado ficou [&hellip;]<\/p>\n","protected":false},"author":22,"featured_media":15102,"comment_status":"open","ping_status":"closed","sticky":false,"template":"","format":"standard","meta":{"footnotes":""},"categories":[600],"tags":[2581,3,99,2580,14,58,5260,34],"class_list":["post-17549","post","type-post","status-publish","format-standard","has-post-thumbnail","hentry","category-economia","tag-atividade-economica","tag-banco-central","tag-copom","tag-ibc-br","tag-inflacao","tag-pib","tag-previa-do-pib","tag-selic"],"_links":{"self":[{"href":"https:\/\/blogs.correiobraziliense.com.br\/vicente\/wp-json\/wp\/v2\/posts\/17549","targetHints":{"allow":["GET"]}}],"collection":[{"href":"https:\/\/blogs.correiobraziliense.com.br\/vicente\/wp-json\/wp\/v2\/posts"}],"about":[{"href":"https:\/\/blogs.correiobraziliense.com.br\/vicente\/wp-json\/wp\/v2\/types\/post"}],"author":[{"embeddable":true,"href":"https:\/\/blogs.correiobraziliense.com.br\/vicente\/wp-json\/wp\/v2\/users\/22"}],"replies":[{"embeddable":true,"href":"https:\/\/blogs.correiobraziliense.com.br\/vicente\/wp-json\/wp\/v2\/comments?post=17549"}],"version-history":[{"count":12,"href":"https:\/\/blogs.correiobraziliense.com.br\/vicente\/wp-json\/wp\/v2\/posts\/17549\/revisions"}],"predecessor-version":[{"id":17581,"href":"https:\/\/blogs.correiobraziliense.com.br\/vicente\/wp-json\/wp\/v2\/posts\/17549\/revisions\/17581"}],"wp:featuredmedia":[{"embeddable":true,"href":"https:\/\/blogs.correiobraziliense.com.br\/vicente\/wp-json\/wp\/v2\/media\/15102"}],"wp:attachment":[{"href":"https:\/\/blogs.correiobraziliense.com.br\/vicente\/wp-json\/wp\/v2\/media?parent=17549"}],"wp:term":[{"taxonomy":"category","embeddable":true,"href":"https:\/\/blogs.correiobraziliense.com.br\/vicente\/wp-json\/wp\/v2\/categories?post=17549"},{"taxonomy":"post_tag","embeddable":true,"href":"https:\/\/blogs.correiobraziliense.com.br\/vicente\/wp-json\/wp\/v2\/tags?post=17549"}],"curies":[{"name":"wp","href":"https:\/\/api.w.org\/{rel}","templated":true}]}}