{"id":17546,"date":"2021-03-12T21:01:19","date_gmt":"2021-03-13T00:01:19","guid":{"rendered":"https:\/\/blogs.correiobraziliense.com.br\/vicente\/?p=17546"},"modified":"2021-03-12T21:25:28","modified_gmt":"2021-03-13T00:25:28","slug":"brasil-pode-ter-entre-60-mil-e-100-mil-novas-mortes-pela-covid-ate-o-fim-de-maio","status":"publish","type":"post","link":"https:\/\/blogs.correiobraziliense.com.br\/vicente\/brasil-pode-ter-entre-60-mil-e-100-mil-novas-mortes-pela-covid-ate-o-fim-de-maio\/","title":{"rendered":"Brasil pode ter entre 60 mil e 100 mil novas mortes pela covid at\u00e9 o fim de maio"},"content":{"rendered":"<h2>Na ponta do l\u00e1pis, matem\u00e1ticos e epidemiologistas dizem que, mantido o atual ritmo de mortes no pa\u00eds pela covid-19 \u2014 h\u00e1 tr\u00eas dias, os \u00f3bitos passam de 2 mil \u2014, at\u00e9 o fim de maio o pa\u00eds contabilizar\u00e1 entre 60 mil e 100 mil novas mortes. Ser\u00e1 um desastre, como define um integrante do Hospital S\u00edrio-Liban\u00eas.<\/h2>\n<p>&nbsp;<\/p>\n<p>Os \u00faltimos sete dias foram os mais letais desde que a pandemia de covid chegou ao Brasil: 12.335 vidas perdidas. Em todos os estados e no Distrito Federal, os sistemas de sa\u00fade p\u00fablico e privado j\u00e1 n\u00e3o d\u00e3o conta de atender a todos os contaminados pelo novo coronav\u00edrus. \u00c9 o que os especialistas chamam de colapso.<\/p>\n<p>&nbsp;<\/p>\n<p>Mesmo que o governo acelere a vacina\u00e7\u00e3o, o que, neste momento, \u00e9 improv\u00e1vel, ainda morrer\u00e1 muita gente, dizem m\u00e9dicos que est\u00e3o na linha de frente do combate \u00e0 covid-19. Eles explicam que a imuniza\u00e7\u00e3o demora, no m\u00ednimo, 28 dias. Portanto, contaremos muitas mortes e infectados, sem que os hospitais tenham condi\u00e7\u00f5es de atender todo mundo.<\/p>\n<p>&nbsp;<\/p>\n<p><strong>Mais casos que na \u00cdndia<\/strong><\/p>\n<p>&nbsp;<\/p>\n<p>Com a disparada dos casos, o Brasil superou a \u00cdndia, segundo pa\u00eds mais populoso do mundo, perdendo apenas para os Estados Unidos. Apenas nas \u00faltimas 24 horas, foram 85.663 contaminados. No total, s\u00e3o mais de 11 milh\u00f5es. O n\u00famero de mortes passa dos 275 mil, sendo 2.216 entre quinta e sexta-feira.<\/p>\n<p>&nbsp;<\/p>\n<p>Gestores de hospitais dizem ao <strong>Blog<\/strong> que nunca viram quadro t\u00e3o dram\u00e1tico. Para eles, o pa\u00eds est\u00e1 pagando o alto pre\u00e7o dos equ\u00edvocos cometidos pelo governo. Al\u00e9m de combater as medidas de isolamento social, n\u00e3o fez nenhum planejamento adequado para a vacina\u00e7\u00e3o. Agora, corre contra o preju\u00edzo.<\/p>\n<p>&nbsp;<\/p>\n<p>Os mesmos gestores dizem que os hospitais est\u00e3o aumentando a oferta de leitos, mas a velocidade est\u00e1 muito aqu\u00e9m das necessidades, uma vez que o ritmo de infec\u00e7\u00f5es est\u00e1 acelerado demais e as pessoas internadas, sobretudo nas UTIs, est\u00e3o ficando mais tempo nos hospitais \u2014 em m\u00e9dia, 47% a mais do que na primeira onda da pandemia.<\/p>\n<p>&nbsp;<\/p>\n<p>Portanto, que todos se preparem. O pior ainda est\u00e1 por vir, como destacou ao <strong>Correio<\/strong> o presidente da Confedera\u00e7\u00e3o Nacional de Sa\u00fade (CNSa\u00fade), Breno Ribeiro.<\/p>\n<p>&nbsp;<\/p>\n<p><em>Bras\u00edlia, 21h01min<\/em><\/p>\n","protected":false},"excerpt":{"rendered":"<p>Na ponta do l\u00e1pis, matem\u00e1ticos e epidemiologistas dizem que, mantido o atual ritmo de mortes no pa\u00eds pela covid-19 \u2014 h\u00e1 tr\u00eas dias, os \u00f3bitos passam de 2 mil \u2014, at\u00e9 o fim de maio o pa\u00eds contabilizar\u00e1 entre 60 mil e 100 mil novas mortes. Ser\u00e1 um desastre, como define um integrante do Hospital [&hellip;]<\/p>\n","protected":false},"author":22,"featured_media":13413,"comment_status":"open","ping_status":"closed","sticky":false,"template":"","format":"standard","meta":{"footnotes":""},"categories":[600],"tags":[5259,926,2787,579],"class_list":["post-17546","post","type-post","status-publish","format-standard","has-post-thumbnail","hentry","category-economia","tag-brasil-pode-ter-entre-60-mil-e-100-mil-novas-mortes-pela-covid-ate-o-fim-de-maio","tag-brasilia","tag-politica","tag-saude"],"_links":{"self":[{"href":"https:\/\/blogs.correiobraziliense.com.br\/vicente\/wp-json\/wp\/v2\/posts\/17546","targetHints":{"allow":["GET"]}}],"collection":[{"href":"https:\/\/blogs.correiobraziliense.com.br\/vicente\/wp-json\/wp\/v2\/posts"}],"about":[{"href":"https:\/\/blogs.correiobraziliense.com.br\/vicente\/wp-json\/wp\/v2\/types\/post"}],"author":[{"embeddable":true,"href":"https:\/\/blogs.correiobraziliense.com.br\/vicente\/wp-json\/wp\/v2\/users\/22"}],"replies":[{"embeddable":true,"href":"https:\/\/blogs.correiobraziliense.com.br\/vicente\/wp-json\/wp\/v2\/comments?post=17546"}],"version-history":[{"count":1,"href":"https:\/\/blogs.correiobraziliense.com.br\/vicente\/wp-json\/wp\/v2\/posts\/17546\/revisions"}],"predecessor-version":[{"id":17547,"href":"https:\/\/blogs.correiobraziliense.com.br\/vicente\/wp-json\/wp\/v2\/posts\/17546\/revisions\/17547"}],"wp:featuredmedia":[{"embeddable":true,"href":"https:\/\/blogs.correiobraziliense.com.br\/vicente\/wp-json\/wp\/v2\/media\/13413"}],"wp:attachment":[{"href":"https:\/\/blogs.correiobraziliense.com.br\/vicente\/wp-json\/wp\/v2\/media?parent=17546"}],"wp:term":[{"taxonomy":"category","embeddable":true,"href":"https:\/\/blogs.correiobraziliense.com.br\/vicente\/wp-json\/wp\/v2\/categories?post=17546"},{"taxonomy":"post_tag","embeddable":true,"href":"https:\/\/blogs.correiobraziliense.com.br\/vicente\/wp-json\/wp\/v2\/tags?post=17546"}],"curies":[{"name":"wp","href":"https:\/\/api.w.org\/{rel}","templated":true}]}}