{"id":17544,"date":"2021-03-12T11:28:06","date_gmt":"2021-03-12T14:28:06","guid":{"rendered":"https:\/\/blogs.correiobraziliense.com.br\/vicente\/?p=17544"},"modified":"2021-03-12T14:42:12","modified_gmt":"2021-03-12T17:42:12","slug":"bolsonaro-ataca-auxilios-emergenciais-pagos-pelo-df-e-por-estados","status":"publish","type":"post","link":"https:\/\/blogs.correiobraziliense.com.br\/vicente\/bolsonaro-ataca-auxilios-emergenciais-pagos-pelo-df-e-por-estados\/","title":{"rendered":"Bolsonaro ataca aux\u00edlios emergenciais pagos pelo DF e por estados"},"content":{"rendered":"<h2>Depois de criticar as medidas de restri\u00e7\u00e3o de circula\u00e7\u00e3o da popula\u00e7\u00e3o adotadas por v\u00e1rias unidades da Federa\u00e7\u00e3o, em especial, o toque de recolher determinado pelo Distrito Federal, o presidente Jair Bolsonaro partiu para cima dos aux\u00edlios financeiros dados pelos governadores a pessoas atingidas pelos efeitos da pandemia do novo coronav\u00edrus. De novo, o alvo foi o governador do Distrito Federal, Ibaneis Rocha, que se prontificou a pagar aux\u00edlio emergencial de R$ 408. Al\u00e9m do DF, benef\u00edcios semelhantes s\u00e3o pagos pelo Rio de Janeiro e pelo Cear\u00e1.<\/h2>\n<p>&nbsp;<\/p>\n<p>Em conversa com apoiadores nesta sexta-feira (12\/03), Bolsonaro, que chamou o toque de recolher decretado no Distrito Federal de Estado de S\u00edtio, disse que os aux\u00edlios emergenciais pagos pelos governadores s\u00e3o uma forma de \u201ctirar a liberdade\u201d das pessoas diante das medidas de confinamento, que suspendem v\u00e1rias atividades.<\/p>\n<p>&nbsp;<\/p>\n<p>Na verdade, o presidente est\u00e1 incomodado com a competi\u00e7\u00e3o desses benef\u00edcios com o aux\u00edlio emergencial que o governo federal passar\u00e1 a pagar a partir de mar\u00e7o. Ser\u00e3o quatro parcelas com valor m\u00e9dio de R$ 250 cada, sendo a menor de R$ 175 e a maior, de R$ 375. Esse benef\u00edcio foi aprovado pelo Congresso por meio da PEC Emergencial.<\/p>\n<p>&nbsp;<\/p>\n<p>\u201cVoc\u00ea v\u00ea que tem governador, agora, que est\u00e1 falando em aux\u00edlio emergencial, n\u00e9?\u201d, afirmou Bolsonaro ao grupo de apoiadores. \u201cEle quer fazer o Bolsa Fam\u00edlia pr\u00f3prio. Quanto mais gente vivendo de favor do Estado, mais dominado fica esse povo\u201d, enfatizou, incomodado, porque tem sido muito criticado na condu\u00e7\u00e3o da pandemia. O presidente est\u00e1 tentando desqualificar o que \u00e9 feito pelos estados e pelo DF para conter a dissemina\u00e7\u00e3o do novo coronav\u00edrus, que est\u00e1 levando os sistemas de sa\u00fade p\u00fablico e privado ao colapso.<\/p>\n<p>&nbsp;<\/p>\n<p>Irritado, Bolsonaro disse ser contra todas as medidas como confinamento, toque de recolher e aux\u00edlio emergencial pago pelos estados. E repetiu declara\u00e7\u00f5es dos \u00faltimos dias, de que o povo n\u00e3o pode abrir m\u00e3o de sua &#8220;liberdade&#8221;, pois \u00e9 o que \u201ctem de mais de sagrado. Ele tamb\u00e9m frisou que seria \u201cf\u00e1cil impor uma ditadura no Brasil\u201d por meio das restri\u00e7\u00f5es de circula\u00e7\u00e3o pelas cidades.<\/p>\n<p>&nbsp;<\/p>\n<p><em>Bras\u00edlia, 11h28min<\/em><\/p>\n","protected":false},"excerpt":{"rendered":"<p>Depois de criticar as medidas de restri\u00e7\u00e3o de circula\u00e7\u00e3o da popula\u00e7\u00e3o adotadas por v\u00e1rias unidades da Federa\u00e7\u00e3o, em especial, o toque de recolher determinado pelo Distrito Federal, o presidente Jair Bolsonaro partiu para cima dos aux\u00edlios financeiros dados pelos governadores a pessoas atingidas pelos efeitos da pandemia do novo coronav\u00edrus. De novo, o alvo foi [&hellip;]<\/p>\n","protected":false},"author":22,"featured_media":15447,"comment_status":"open","ping_status":"closed","sticky":false,"template":"","format":"standard","meta":{"footnotes":""},"categories":[600],"tags":[5258,378,589,2787],"class_list":["post-17544","post","type-post","status-publish","format-standard","has-post-thumbnail","hentry","category-economia","tag-bolsonaro-ataca-auxilios-emergenciais-pagos-pelo-df-e-por-estados","tag-brasil","tag-economia","tag-politica"],"_links":{"self":[{"href":"https:\/\/blogs.correiobraziliense.com.br\/vicente\/wp-json\/wp\/v2\/posts\/17544","targetHints":{"allow":["GET"]}}],"collection":[{"href":"https:\/\/blogs.correiobraziliense.com.br\/vicente\/wp-json\/wp\/v2\/posts"}],"about":[{"href":"https:\/\/blogs.correiobraziliense.com.br\/vicente\/wp-json\/wp\/v2\/types\/post"}],"author":[{"embeddable":true,"href":"https:\/\/blogs.correiobraziliense.com.br\/vicente\/wp-json\/wp\/v2\/users\/22"}],"replies":[{"embeddable":true,"href":"https:\/\/blogs.correiobraziliense.com.br\/vicente\/wp-json\/wp\/v2\/comments?post=17544"}],"version-history":[{"count":1,"href":"https:\/\/blogs.correiobraziliense.com.br\/vicente\/wp-json\/wp\/v2\/posts\/17544\/revisions"}],"predecessor-version":[{"id":17545,"href":"https:\/\/blogs.correiobraziliense.com.br\/vicente\/wp-json\/wp\/v2\/posts\/17544\/revisions\/17545"}],"wp:featuredmedia":[{"embeddable":true,"href":"https:\/\/blogs.correiobraziliense.com.br\/vicente\/wp-json\/wp\/v2\/media\/15447"}],"wp:attachment":[{"href":"https:\/\/blogs.correiobraziliense.com.br\/vicente\/wp-json\/wp\/v2\/media?parent=17544"}],"wp:term":[{"taxonomy":"category","embeddable":true,"href":"https:\/\/blogs.correiobraziliense.com.br\/vicente\/wp-json\/wp\/v2\/categories?post=17544"},{"taxonomy":"post_tag","embeddable":true,"href":"https:\/\/blogs.correiobraziliense.com.br\/vicente\/wp-json\/wp\/v2\/tags?post=17544"}],"curies":[{"name":"wp","href":"https:\/\/api.w.org\/{rel}","templated":true}]}}