{"id":17540,"date":"2021-03-12T12:49:54","date_gmt":"2021-03-12T15:49:54","guid":{"rendered":"https:\/\/blogs.correiobraziliense.com.br\/vicente\/?p=17540"},"modified":"2021-03-12T12:49:54","modified_gmt":"2021-03-12T15:49:54","slug":"itau-unibanco-piora-projecoes-para-o-brasil-e-preve-pais-crescendo-menos-que-vizinhos","status":"publish","type":"post","link":"https:\/\/blogs.correiobraziliense.com.br\/vicente\/itau-unibanco-piora-projecoes-para-o-brasil-e-preve-pais-crescendo-menos-que-vizinhos\/","title":{"rendered":"Ita\u00fa Unibanco piora proje\u00e7\u00f5es para o Brasil e prev\u00ea pa\u00eds crescendo menos que vizinhos"},"content":{"rendered":"<h2><span style=\"font-weight: 400\">ROSANA HESSEL<\/span><\/h2>\n<h2><\/h2>\n<h2><span style=\"font-weight: 400\">O agravamento da covid-19 no Brasil e a falta de leitos para os contaminados pela pandemia est\u00e1 elevando a necessidade de distanciamento social enquanto o programa de vacina\u00e7\u00e3o, apesar do an\u00fancio do governo comprando mais imunizantes, deve levar alguns meses para impactar a din\u00e2mica da pandemia, de acordo com os economistas do Ita\u00fa Unibanco, maior banco privado do pa\u00eds.\u00a0<\/span><\/h2>\n<h2><\/h2>\n<p><span style=\"font-weight: 400\">A equipe chefiada pelo economista Mario Mesquita acaba de revisar, para pior, o cen\u00e1rio macroecon\u00f4mico para o Brasil, reduzindo de 4% para 3,8% a proje\u00e7\u00e3o de crescimento do Produto Interno Bruto (PIB) brasileiro deste ano, conforme comunicado divulgado nesta sexta-feira (12\/03). Tamb\u00e9m baixou de 2,5% para 1,8% a estimativa de crescimento do PIB em 2022.\u00a0 Ambas as taxas s\u00e3o as menores entre os pa\u00edses vizinhos e est\u00e3o abaixo da m\u00e9dia global e da Am\u00e9rica Latina.<\/span><\/p>\n<p>&nbsp;<\/p>\n<p><span style=\"font-weight: 400\">\u201cA deteriora\u00e7\u00e3o das condi\u00e7\u00f5es financeiras resultante do aumento do risco fiscal reduz a perspectiva de crescimento adiante. A despeito do aumento do isolamento social, o impacto \u00e9 menor em 2021 do que em 2022, em consequ\u00eancia do crescimento global robusto e do impulso vindo da vacina\u00e7\u00e3o este ano\u201d, destacou o documento do banco.<\/span><\/p>\n<p>&nbsp;<\/p>\n<p><span style=\"font-weight: 400\">O Ita\u00fa Unibanco ainda elevou de 3,8% para 4,7% a previs\u00e3o de infla\u00e7\u00e3o oficial medida pelo \u00cdndice de Pre\u00e7os ao Consumidor Amplo (IPCA) deste ano e projeta carestia de 3,6% em 2022 em vez de 3,3%, \u201cdevido \u00e0 in\u00e9rcia&#8221; da alta dos pre\u00e7os.\u00a0<\/span><span style=\"font-weight: 400\">As novas proje\u00e7\u00f5es para o IPCA\u00a0<\/span><span style=\"font-weight: 400\">est\u00e3o acima do centro da meta estipulada pelo Conselho Monet\u00e1rio Nacional (CMN), de 3,75%, neste ano, e de 3,50%, no ano que vem.\u00a0\u00a0<\/span><\/p>\n<p>&nbsp;<\/p>\n<p><span style=\"font-weight: 400\">Por conta desse cen\u00e1rio nada animador para o Banco Central, crescem as apostas de alta da Selic (taxa b\u00e1sica de juros) na pr\u00f3xima reuni\u00e3o do Comit\u00ea de Pol\u00edtica Monet\u00e1ria (Copom), na semana que vem, o que n\u00e3o dever\u00e1 ajudar na retomada da atividade econ\u00f4mica, um desafio a mais para o atual governo administrar.\u00a0<\/span><\/p>\n<p>&nbsp;<\/p>\n<p><span style=\"font-weight: 400\">A previs\u00e3o da equipe de Mesquita \u00e9 de alta de 0,50 ponto percentual na Selic na semana que vem, para 2,5% ao ano, \u201cmas acelerando ao longo do ano\u201d. O banco projeta Selic chegando a 5,5% anuais em dezembro.\u00a0\u00a0<\/span><span style=\"font-weight: 400\">O Ita\u00fa ainda projeta que o real continuar\u00e1 desvalorizado, pressionando a infla\u00e7\u00e3o, com o d\u00f3lar acima de R$ 5,30, encerrando 2021, a R$ 5,30, passando para R$ 5,5, em 2022.<\/span><\/p>\n<p>&nbsp;<\/p>\n<p>&nbsp;<\/p>\n<p><b>Cen\u00e1rio externo melhor<\/b><\/p>\n<p>&nbsp;<\/p>\n<p>&nbsp;<\/p>\n<p><span style=\"font-weight: 400\">Enquanto o cen\u00e1rio para o Brasil piora, as proje\u00e7\u00f5es do Ita\u00fa para o cen\u00e1rio externo mostram que as economias global e da Am\u00e9rica Latina devem registrar um desempenho bem melhor do que o do PIB brasileiro.\u00a0<\/span><\/p>\n<p>&nbsp;<\/p>\n<p><span style=\"font-weight: 400\">O Ita\u00fa manteve em 6,9% e em 4,3% as proje\u00e7\u00f5es de expans\u00e3o do PIB global, neste ano e no pr\u00f3ximo, conforme outro relat\u00f3rio do banco tamb\u00e9m divulgado hoje e que aposta na China crescendo 8,5% neste ano.\u00a0 O banco prev\u00ea que o ritmo de vacina\u00e7\u00e3o na Europa vai recuperar o atraso na segunda metade do ano e, por conta disso, espera expans\u00e3o do PIB europeu de 4,5%, em 2021 e 4,2%, em 2022.<\/span><\/p>\n<p>&nbsp;<\/p>\n<p><span style=\"font-weight: 400\">As estimativas do Ita\u00fa para o avan\u00e7o do PIB da Am\u00e9rica Latina em 2021 tamb\u00e9m foram mantidas, em 5%, mas, para 2022, foram reduzidas de 2,5% para 2,2%. Nesse cen\u00e1rio, o Brasil \u00e9 o pa\u00eds que deve registrar o menor crescimento em 2021 e em 2022 entre os pa\u00edses vizinhos. A Argentina, por exemplo, teve a proje\u00e7\u00e3o do PIB deste ano reduzida de 6% para 5%, e, para 2022, a taxa de 2,5% foi mantida.<\/span><\/p>\n","protected":false},"excerpt":{"rendered":"<p>ROSANA HESSEL O agravamento da covid-19 no Brasil e a falta de leitos para os contaminados pela pandemia est\u00e1 elevando a necessidade de distanciamento social enquanto o programa de vacina\u00e7\u00e3o, apesar do an\u00fancio do governo comprando mais imunizantes, deve levar alguns meses para impactar a din\u00e2mica da pandemia, de acordo com os economistas do Ita\u00fa [&hellip;]<\/p>\n","protected":false},"author":22,"featured_media":16307,"comment_status":"open","ping_status":"closed","sticky":false,"template":"","format":"standard","meta":{"footnotes":""},"categories":[600],"tags":[4505,589,14,1212,4510,58,34,3717],"class_list":["post-17540","post","type-post","status-publish","format-standard","has-post-thumbnail","hentry","category-economia","tag-covid-19","tag-economia","tag-inflacao","tag-itau-unibanco","tag-pandemia","tag-pib","tag-selic","tag-vacina"],"_links":{"self":[{"href":"https:\/\/blogs.correiobraziliense.com.br\/vicente\/wp-json\/wp\/v2\/posts\/17540","targetHints":{"allow":["GET"]}}],"collection":[{"href":"https:\/\/blogs.correiobraziliense.com.br\/vicente\/wp-json\/wp\/v2\/posts"}],"about":[{"href":"https:\/\/blogs.correiobraziliense.com.br\/vicente\/wp-json\/wp\/v2\/types\/post"}],"author":[{"embeddable":true,"href":"https:\/\/blogs.correiobraziliense.com.br\/vicente\/wp-json\/wp\/v2\/users\/22"}],"replies":[{"embeddable":true,"href":"https:\/\/blogs.correiobraziliense.com.br\/vicente\/wp-json\/wp\/v2\/comments?post=17540"}],"version-history":[{"count":2,"href":"https:\/\/blogs.correiobraziliense.com.br\/vicente\/wp-json\/wp\/v2\/posts\/17540\/revisions"}],"predecessor-version":[{"id":17543,"href":"https:\/\/blogs.correiobraziliense.com.br\/vicente\/wp-json\/wp\/v2\/posts\/17540\/revisions\/17543"}],"wp:featuredmedia":[{"embeddable":true,"href":"https:\/\/blogs.correiobraziliense.com.br\/vicente\/wp-json\/wp\/v2\/media\/16307"}],"wp:attachment":[{"href":"https:\/\/blogs.correiobraziliense.com.br\/vicente\/wp-json\/wp\/v2\/media?parent=17540"}],"wp:term":[{"taxonomy":"category","embeddable":true,"href":"https:\/\/blogs.correiobraziliense.com.br\/vicente\/wp-json\/wp\/v2\/categories?post=17540"},{"taxonomy":"post_tag","embeddable":true,"href":"https:\/\/blogs.correiobraziliense.com.br\/vicente\/wp-json\/wp\/v2\/tags?post=17540"}],"curies":[{"name":"wp","href":"https:\/\/api.w.org\/{rel}","templated":true}]}}