{"id":17531,"date":"2021-03-11T17:57:54","date_gmt":"2021-03-11T20:57:54","guid":{"rendered":"https:\/\/blogs.correiobraziliense.com.br\/vicente\/?p=17531"},"modified":"2021-03-11T18:20:50","modified_gmt":"2021-03-11T21:20:50","slug":"idosa-faz-aniversario-e-recebe-vacina-de-presente-viva-a-ciencia","status":"publish","type":"post","link":"https:\/\/blogs.correiobraziliense.com.br\/vicente\/idosa-faz-aniversario-e-recebe-vacina-de-presente-viva-a-ciencia\/","title":{"rendered":"Idosa faz anivers\u00e1rio e recebe vacina de presente: &#8220;Viva a ci\u00eancia&#8221;"},"content":{"rendered":"<h2>Diante do agravamento da pandemia no pa\u00eds, com o sistema de sa\u00fade entrando em colapso, a psicanalista\u00a0Maria Jos\u00e9, que completa 74 anos nesta quinta-feira (11\/03), recebeu a primeira dose da vacina contra a covid-19. Emocionada, disse:\u00a0&#8220;Hoje a vacina foi o meu maior presente. Ela \u00e9 tamb\u00e9m um grande presente da ci\u00eancia para o mundo.&#8221;<\/h2>\n<p>&nbsp;<\/p>\n<p>Maria Jos\u00e9 foi vacinada Unidade B\u00e1sica de Sa\u00fade (UBS) do Lago Sul. Pelo menos 10,2 mil idosos com a idade dela est\u00e3o aptos a serem imunizados no Distrito Federal, segundo o cronograma definido pela Secretaria de Sa\u00fade.<\/p>\n<p>&nbsp;<\/p>\n<p>A situa\u00e7\u00e3o da pandemia no Distrito Federal \u00e9 dram\u00e1tica. Mesmo com as medidas restritivas adotadas pelo governo, incluindo o toque de recolher das 22h \u00e0s 5h da manh\u00e3, a dissemina\u00e7\u00e3o do novo coronav\u00edrus est\u00e1 fora de controle. Cada 100 pessoas infectadas est\u00e3o contaminando outras 128.<\/p>\n<p>&nbsp;<\/p>\n<p>Com esse descontrole, <a href=\"https:\/\/blogs.correiobraziliense.com.br\/vicente\/hospitais-da-rede-privada-do-distrito-federal-estao-em-colapso\/\">os leitos das UTIs dos hospitais das redes p\u00fablicas e privadas est\u00e3o com 100% de ocupa\u00e7\u00e3o<\/a>. H\u00e1 mais de 200 pessoas numa fila de espera por interna\u00e7\u00e3o. O risco de esses pacientes morrerem antes de serem atendidos \u00e9 grande. Por isso, a import\u00e2ncia de correr com a vacina\u00e7\u00e3o.<\/p>\n<p>&nbsp;<\/p>\n<p><em>Bras\u00edlia, 17h57min<\/em><\/p>\n","protected":false},"excerpt":{"rendered":"<p>Diante do agravamento da pandemia no pa\u00eds, com o sistema de sa\u00fade entrando em colapso, a psicanalista\u00a0Maria Jos\u00e9, que completa 74 anos nesta quinta-feira (11\/03), recebeu a primeira dose da vacina contra a covid-19. Emocionada, disse:\u00a0&#8220;Hoje a vacina foi o meu maior presente. Ela \u00e9 tamb\u00e9m um grande presente da ci\u00eancia para o mundo.&#8221; &nbsp; [&hellip;]<\/p>\n","protected":false},"author":22,"featured_media":17532,"comment_status":"open","ping_status":"closed","sticky":false,"template":"","format":"standard","meta":{"footnotes":""},"categories":[600],"tags":[926,5256,2526,579],"class_list":["post-17531","post","type-post","status-publish","format-standard","has-post-thumbnail","hentry","category-economia","tag-brasilia","tag-idosa-faz-aniversario-e-recebe-vacina-de-presente-viva-a-ciencia","tag-poder","tag-saude"],"_links":{"self":[{"href":"https:\/\/blogs.correiobraziliense.com.br\/vicente\/wp-json\/wp\/v2\/posts\/17531","targetHints":{"allow":["GET"]}}],"collection":[{"href":"https:\/\/blogs.correiobraziliense.com.br\/vicente\/wp-json\/wp\/v2\/posts"}],"about":[{"href":"https:\/\/blogs.correiobraziliense.com.br\/vicente\/wp-json\/wp\/v2\/types\/post"}],"author":[{"embeddable":true,"href":"https:\/\/blogs.correiobraziliense.com.br\/vicente\/wp-json\/wp\/v2\/users\/22"}],"replies":[{"embeddable":true,"href":"https:\/\/blogs.correiobraziliense.com.br\/vicente\/wp-json\/wp\/v2\/comments?post=17531"}],"version-history":[{"count":2,"href":"https:\/\/blogs.correiobraziliense.com.br\/vicente\/wp-json\/wp\/v2\/posts\/17531\/revisions"}],"predecessor-version":[{"id":17534,"href":"https:\/\/blogs.correiobraziliense.com.br\/vicente\/wp-json\/wp\/v2\/posts\/17531\/revisions\/17534"}],"wp:featuredmedia":[{"embeddable":true,"href":"https:\/\/blogs.correiobraziliense.com.br\/vicente\/wp-json\/wp\/v2\/media\/17532"}],"wp:attachment":[{"href":"https:\/\/blogs.correiobraziliense.com.br\/vicente\/wp-json\/wp\/v2\/media?parent=17531"}],"wp:term":[{"taxonomy":"category","embeddable":true,"href":"https:\/\/blogs.correiobraziliense.com.br\/vicente\/wp-json\/wp\/v2\/categories?post=17531"},{"taxonomy":"post_tag","embeddable":true,"href":"https:\/\/blogs.correiobraziliense.com.br\/vicente\/wp-json\/wp\/v2\/tags?post=17531"}],"curies":[{"name":"wp","href":"https:\/\/api.w.org\/{rel}","templated":true}]}}