{"id":17526,"date":"2021-03-11T17:21:22","date_gmt":"2021-03-11T20:21:22","guid":{"rendered":"https:\/\/blogs.correiobraziliense.com.br\/vicente\/?p=17526"},"modified":"2021-03-11T20:20:26","modified_gmt":"2021-03-11T23:20:26","slug":"hospitais-da-rede-privada-do-distrito-federal-estao-em-colapso","status":"publish","type":"post","link":"https:\/\/blogs.correiobraziliense.com.br\/vicente\/hospitais-da-rede-privada-do-distrito-federal-estao-em-colapso\/","title":{"rendered":"Hospitais da rede privada do Distrito Federal est\u00e3o em colapso"},"content":{"rendered":"<h2>O colapso na sa\u00fade chegou \u00e0 rede privada. O <strong>Blog<\/strong> apurou que o grupo Santa, maior rede hospitalar do Distrito Federal e composto, em Bras\u00edlia, por Santa L\u00facia Sul, Norte e Gama, est\u00e1 com 100% das vagas de UTI ocupadas. A situa\u00e7\u00e3o \u00e9 igual nas duas outras unidades do grupo, em An\u00e1polis (GO) e Cuiab\u00e1 (MT).<\/h2>\n<p>&nbsp;<\/p>\n<p>Para atender um n\u00famero maior de pacientes, os hospitais da rede em Bras\u00edlia remanejaram leitos de enfermaria para UTIs e, mesmo assim, n\u00e3o h\u00e1 mais vagas. As cirurgias eletivas foram desmarcadas, sem previs\u00e3o para retomada. Para evitar cont\u00e1gios, as unidades proibiram visitas a pacientes, mesmo aqueles que n\u00e3o est\u00e3o com covid-19.<\/p>\n<p>&nbsp;<\/p>\n<p>No Hospital S\u00edrio-Liban\u00eas de Bras\u00edlia, as cirurgias ainda n\u00e3o foram desmarcadas, mas a taxa geral de ocupa\u00e7\u00e3o \u00e9 97%, segundo o boletim mais recente. H\u00e1 39 pacientes com covid-19, sendo que 16 deles est\u00e3o internados na UTI. J\u00e1 a unidade de S\u00e3o Paulo, na qual n\u00e3o h\u00e1 mais vagas em UTIs, suspendeu por 15 dias alguns procedimentos eletivos e exames ambulatoriais de polissonografia, colonoscopia, endoscopia digestiva alta e broncoscopia.<\/p>\n<p>&nbsp;<\/p>\n<p><strong>Dados s\u00e3o din\u00e2micos<\/strong><\/p>\n<p>&nbsp;<\/p>\n<p>O grupo Santa informou ao <strong>Blog<\/strong>, depois da publica\u00e7\u00e3o da nota, que a situa\u00e7\u00e3o deu um al\u00edvio no fim do dia, pois a movimenta\u00e7\u00e3o de leitos em UTIs \u00e9 muito din\u00e2mica. No Santa L\u00facia Sul, a ocupa\u00e7\u00e3o de leitos passou para 94%. No Santa L\u00facia Norte, para 96%, assim como na unidade do Gama.<\/p>\n<p>&nbsp;<\/p>\n<p>Nas unidades Santa Rosa, de Cuiab\u00e1, e \u00c2nima, de An\u00e1polis, a ocupa\u00e7\u00e3o de UTIs passou, respectivamente, para 93% e 98%. No total, o grupo Santa tem 1.100 leitos. O Santa L\u00facia \u00e9 a maior unidade hospitalar privada do Centro-Oeste e vem recebendo dezenas de pacientes de covid recusados por outros hospitais.<\/p>\n<p>&nbsp;<\/p>\n<p>Durante a primeira onda da pandemia do novo coronav\u00edrus, a rede Santa forneceu 110 leitos para o Governo do Distrito Federal (GDF), por meio do Sistema \u00danico de Sa\u00fade (SUS). Nesta segunda onda, cedeu 30.<\/p>\n<p>&nbsp;<\/p>\n<p><em>Bras\u00edlia, 17h21min, atualizada \u00e0s 19h20min<\/em><\/p>\n","protected":false},"excerpt":{"rendered":"<p>O colapso na sa\u00fade chegou \u00e0 rede privada. O Blog apurou que o grupo Santa, maior rede hospitalar do Distrito Federal e composto, em Bras\u00edlia, por Santa L\u00facia Sul, Norte e Gama, est\u00e1 com 100% das vagas de UTI ocupadas. A situa\u00e7\u00e3o \u00e9 igual nas duas outras unidades do grupo, em An\u00e1polis (GO) e Cuiab\u00e1 [&hellip;]<\/p>\n","protected":false},"author":22,"featured_media":12912,"comment_status":"open","ping_status":"closed","sticky":false,"template":"","format":"standard","meta":{"footnotes":""},"categories":[600],"tags":[378,5254,2787,579],"class_list":["post-17526","post","type-post","status-publish","format-standard","has-post-thumbnail","hentry","category-economia","tag-brasil","tag-hospitais-da-rede-privada-do-distrito-federal-estao-em-colapso","tag-politica","tag-saude"],"_links":{"self":[{"href":"https:\/\/blogs.correiobraziliense.com.br\/vicente\/wp-json\/wp\/v2\/posts\/17526","targetHints":{"allow":["GET"]}}],"collection":[{"href":"https:\/\/blogs.correiobraziliense.com.br\/vicente\/wp-json\/wp\/v2\/posts"}],"about":[{"href":"https:\/\/blogs.correiobraziliense.com.br\/vicente\/wp-json\/wp\/v2\/types\/post"}],"author":[{"embeddable":true,"href":"https:\/\/blogs.correiobraziliense.com.br\/vicente\/wp-json\/wp\/v2\/users\/22"}],"replies":[{"embeddable":true,"href":"https:\/\/blogs.correiobraziliense.com.br\/vicente\/wp-json\/wp\/v2\/comments?post=17526"}],"version-history":[{"count":5,"href":"https:\/\/blogs.correiobraziliense.com.br\/vicente\/wp-json\/wp\/v2\/posts\/17526\/revisions"}],"predecessor-version":[{"id":17539,"href":"https:\/\/blogs.correiobraziliense.com.br\/vicente\/wp-json\/wp\/v2\/posts\/17526\/revisions\/17539"}],"wp:featuredmedia":[{"embeddable":true,"href":"https:\/\/blogs.correiobraziliense.com.br\/vicente\/wp-json\/wp\/v2\/media\/12912"}],"wp:attachment":[{"href":"https:\/\/blogs.correiobraziliense.com.br\/vicente\/wp-json\/wp\/v2\/media?parent=17526"}],"wp:term":[{"taxonomy":"category","embeddable":true,"href":"https:\/\/blogs.correiobraziliense.com.br\/vicente\/wp-json\/wp\/v2\/categories?post=17526"},{"taxonomy":"post_tag","embeddable":true,"href":"https:\/\/blogs.correiobraziliense.com.br\/vicente\/wp-json\/wp\/v2\/tags?post=17526"}],"curies":[{"name":"wp","href":"https:\/\/api.w.org\/{rel}","templated":true}]}}