{"id":17523,"date":"2021-03-11T14:56:57","date_gmt":"2021-03-11T17:56:57","guid":{"rendered":"https:\/\/blogs.correiobraziliense.com.br\/vicente\/?p=17523"},"modified":"2021-03-11T14:57:08","modified_gmt":"2021-03-11T17:57:08","slug":"fux-pergunta-ate-quando-brasil-continuara-contando-mortes-pela-covid","status":"publish","type":"post","link":"https:\/\/blogs.correiobraziliense.com.br\/vicente\/fux-pergunta-ate-quando-brasil-continuara-contando-mortes-pela-covid\/","title":{"rendered":"Fux pergunta \u201cat\u00e9 quando\u201d Brasil continuar\u00e1 contando mortes pela covid"},"content":{"rendered":"<p>No dia em que o mundo registra um ano da decreta\u00e7\u00e3o da pandemia do novo coronav\u00edrus pela Organiza\u00e7\u00e3o Mundial da Sa\u00fade (OMS), o presidente do Supremo Tribunal Federal (STF), Luiz Fux, questionou: \u201cAt\u00e9 quando\u201d o Brasil continuar\u00e1 contando mortos pela covid-19. Ele ressaltou que \u00e9 preciso uma a\u00e7\u00e3o coordenada de toda a sociedade, dos agentes pol\u00edticos, independentemente da ideologia, dos setores p\u00fablicos e privados, para que o pa\u00eds consiga reverter o quadro dram\u00e1tico, em que 2.349 morreram nas \u00faltimas 24 horas e mais de 270 mil perderam a vida em um ano.<\/p>\n<p>&nbsp;<\/p>\n<p>No entender de Fux, n\u00e3o se pode apenas olhar para os n\u00fameros, que s\u00e3o terr\u00edveis, mas lembrar que, por tr\u00e1s deles, est\u00e3o vidas interrompidas, de fam\u00edlias desestruturadas, de pessoas que enterraram entes queridos, que perderam seus empregos. \u201cS\u00e3o pais, av\u00f3s, tios, irm\u00e3os, amigos. N\u00e3o s\u00e3o s\u00f3 \u00f3bitos\u201d, afirmou. \u201cO Brasil vive o per\u00edodo mais triste neste um ano de pandemia. estamos vendo tudo com incredulidade e desesperan\u00e7a. Temos de nos perguntar: at\u00e9 quando? Nosso tempo \u00e9 hoje\u201d, frisou.<\/p>\n<p>&nbsp;<\/p>\n<p><strong>Triste p\u00e1gina da hist\u00f3ria<\/strong><\/p>\n<p>&nbsp;<\/p>\n<p>Ante a gravidade da situa\u00e7\u00e3o, o presidente do STF ressaltou que o Brasil, mais do que nunca, precisa de um amplo di\u00e1logo pol\u00edtico, de todos os cidad\u00e3os, em torno da ci\u00eancia, para que se possa vencer o v\u00edrus. \u201cN\u00e3o h\u00e1 tempo a perder\u201d, destacou Fux. Segundo ele, o Supremo tem agido rapidamente para aprovar medidas que contribuam para amenizar os efeitos da covid-19. \u201cForam mais de 7 mil processos relacionados \u00e0 pandemia. O Supremo refor\u00e7ou a compet\u00eancia da Uni\u00e3o, de estados e munic\u00edpios na defini\u00e7\u00e3o de pol\u00edticas para a ado\u00e7\u00e3o de medidas contra o novo coronav\u00edrus.<\/p>\n<p>&nbsp;<\/p>\n<p>Ele disse, ainda, que houve um realinhamento, com o aval do STF, dos recursos p\u00fablicos para que os gastos com sa\u00fade pudessem ser ampliados. Decidiu, tamb\u00e9m, sobre a obrigatoriedade da vacina e da compra de insumos para \u201cconcretizar o direito fundamental \u00e0 sa\u00fade\u201d. \u201cVamos continuar nossos esfor\u00e7os para que o Brasil possa superar essa triste p\u00e1gina da nossa hist\u00f3ria\u201d, assinalou.<\/p>\n","protected":false},"excerpt":{"rendered":"<p>No dia em que o mundo registra um ano da decreta\u00e7\u00e3o da pandemia do novo coronav\u00edrus pela Organiza\u00e7\u00e3o Mundial da Sa\u00fade (OMS), o presidente do Supremo Tribunal Federal (STF), Luiz Fux, questionou: \u201cAt\u00e9 quando\u201d o Brasil continuar\u00e1 contando mortos pela covid-19. Ele ressaltou que \u00e9 preciso uma a\u00e7\u00e3o coordenada de toda a sociedade, dos agentes [&hellip;]<\/p>\n","protected":false},"author":22,"featured_media":17524,"comment_status":"open","ping_status":"closed","sticky":false,"template":"","format":"standard","meta":{"footnotes":""},"categories":[600],"tags":[378,5253,2526,2787],"class_list":["post-17523","post","type-post","status-publish","format-standard","has-post-thumbnail","hentry","category-economia","tag-brasil","tag-fux-pergunta-ate-quando-brasil-continuara-contando-mortes-pela-covid","tag-poder","tag-politica"],"_links":{"self":[{"href":"https:\/\/blogs.correiobraziliense.com.br\/vicente\/wp-json\/wp\/v2\/posts\/17523","targetHints":{"allow":["GET"]}}],"collection":[{"href":"https:\/\/blogs.correiobraziliense.com.br\/vicente\/wp-json\/wp\/v2\/posts"}],"about":[{"href":"https:\/\/blogs.correiobraziliense.com.br\/vicente\/wp-json\/wp\/v2\/types\/post"}],"author":[{"embeddable":true,"href":"https:\/\/blogs.correiobraziliense.com.br\/vicente\/wp-json\/wp\/v2\/users\/22"}],"replies":[{"embeddable":true,"href":"https:\/\/blogs.correiobraziliense.com.br\/vicente\/wp-json\/wp\/v2\/comments?post=17523"}],"version-history":[{"count":1,"href":"https:\/\/blogs.correiobraziliense.com.br\/vicente\/wp-json\/wp\/v2\/posts\/17523\/revisions"}],"predecessor-version":[{"id":17525,"href":"https:\/\/blogs.correiobraziliense.com.br\/vicente\/wp-json\/wp\/v2\/posts\/17523\/revisions\/17525"}],"wp:featuredmedia":[{"embeddable":true,"href":"https:\/\/blogs.correiobraziliense.com.br\/vicente\/wp-json\/wp\/v2\/media\/17524"}],"wp:attachment":[{"href":"https:\/\/blogs.correiobraziliense.com.br\/vicente\/wp-json\/wp\/v2\/media?parent=17523"}],"wp:term":[{"taxonomy":"category","embeddable":true,"href":"https:\/\/blogs.correiobraziliense.com.br\/vicente\/wp-json\/wp\/v2\/categories?post=17523"},{"taxonomy":"post_tag","embeddable":true,"href":"https:\/\/blogs.correiobraziliense.com.br\/vicente\/wp-json\/wp\/v2\/tags?post=17523"}],"curies":[{"name":"wp","href":"https:\/\/api.w.org\/{rel}","templated":true}]}}