{"id":17521,"date":"2021-03-11T09:11:27","date_gmt":"2021-03-11T12:11:27","guid":{"rendered":"https:\/\/blogs.correiobraziliense.com.br\/vicente\/?p=17521"},"modified":"2021-03-11T09:50:30","modified_gmt":"2021-03-11T12:50:30","slug":"inflacao-sobe-086-em-fevereiro-e-passa-de-5-em-12-meses","status":"publish","type":"post","link":"https:\/\/blogs.correiobraziliense.com.br\/vicente\/inflacao-sobe-086-em-fevereiro-e-passa-de-5-em-12-meses\/","title":{"rendered":"Infla\u00e7\u00e3o sobe 0,86% em fevereiro e passa de 5% em 12 meses"},"content":{"rendered":"<h2>Os brasileiros que est\u00e3o assustados com os pre\u00e7os nas g\u00f4ndolas dos supermercados e nos postos de combust\u00edveis t\u00eam raz\u00f5es de sobra para reclamar. A infla\u00e7\u00e3o medida pelo \u00cdndice de Pre\u00e7os ao Consumidor Amplo (IPCA) em fevereiro atingiu 0,86%, superando as estimativas do mercado. Foi o maior resultado para o m\u00eas desde 2016.<\/h2>\n<p>&nbsp;<\/p>\n<p>No acumulado de 12 meses, a infla\u00e7\u00e3o alcan\u00e7ou 5,20%, praticamente encostando no teto da meta prevista para o ano, de 5,25%. Para Andr\u00e9 Perfeito, economista-chefe da Necton, esses n\u00fameros provocam um grande desconforto no Banco Central, que deve aumentar a taxa b\u00e1sica de juros (Selic) na pr\u00f3xima semana em pelo menos 0,5 ponto percentual, para 2,50% ao ano.<\/p>\n<p>&nbsp;<\/p>\n<p>Segundo o Instituto Brasileiro de Geografia e Estat\u00edstica (IBGE), a gasolina acumulou reajuste de 7,11% em fevereiro, contribuindo, sozinha, com 0,36 ponto percentual ou 42% do IPCA. Na m\u00e9dia, os pre\u00e7os dos combust\u00edveis subiram 7,09%, puxados, tamb\u00e9m, pelo etanol, que ficou 8,06% mais caro, e pelo \u00f3leo diesel, com alta de 5,40%.<\/p>\n<p>&nbsp;<\/p>\n<p>O levantamento do IBGE mostra que os aumentos de pre\u00e7os est\u00e3o disseminados.\u00a0Dos nove grupos de produtos e servi\u00e7os pesquisados, oito tiveram alta em fevereiro. O maior impacto no IPCA no m\u00eas (0,45 ponto) veio dos Transportes (2,28%) e a maior varia\u00e7\u00e3o, da Educa\u00e7\u00e3o (2,48%). Juntos, os dois grupos contribu\u00edram com cerca de 70% da infla\u00e7\u00e3o de fevereiro.<\/p>\n<p>&nbsp;<\/p>\n<p>Na sequ\u00eancia, veio Sa\u00fade e cuidados pessoais, com aumento m\u00e9dio de 0,62%, cujo impacto foi de 0,08 ponto na infla\u00e7\u00e3o. O grupo Alimenta\u00e7\u00e3o e bebidas teve alta de 0,27% e 0,06 ponto de contribui\u00e7\u00e3o, com desacelera\u00e7\u00e3o frente a janeiro (1,02%). J\u00e1 Habita\u00e7\u00e3o, que havia recuado 1,07% em janeiro, subiu 0,40%, contribuindo, tamb\u00e9m, com 0,06 ponto no resultado de fevereiro. Os demais grupos ficaram entre queda de 0,13% em Comunica\u00e7\u00e3o e\u00a0 alta de 0,66% em Artigos de resid\u00eancia.<\/p>\n<p>&nbsp;<\/p>\n<p>Os consumidores devem se preparar para mais infla\u00e7\u00e3o nos pr\u00f3ximos meses. Os especialistas chamam a aten\u00e7\u00e3o para a forte press\u00e3o da alta do d\u00f3lar sobre os custos das empresas, que v\u00e3o repass\u00e1-los aos pre\u00e7os finais. O Banco Central tem feito interven\u00e7\u00f5es constantes no c\u00e2mbio, mas, ainda assim, o d\u00f3lar continua em disparada.<\/p>\n<p>&nbsp;<\/p>\n<p><em>Bras\u00edlia, 9h11min<\/em><\/p>\n","protected":false},"excerpt":{"rendered":"<p>Os brasileiros que est\u00e3o assustados com os pre\u00e7os nas g\u00f4ndolas dos supermercados e nos postos de combust\u00edveis t\u00eam raz\u00f5es de sobra para reclamar. A infla\u00e7\u00e3o medida pelo \u00cdndice de Pre\u00e7os ao Consumidor Amplo (IPCA) em fevereiro atingiu 0,86%, superando as estimativas do mercado. Foi o maior resultado para o m\u00eas desde 2016. &nbsp; No acumulado [&hellip;]<\/p>\n","protected":false},"author":22,"featured_media":12590,"comment_status":"open","ping_status":"closed","sticky":false,"template":"","format":"standard","meta":{"footnotes":""},"categories":[600],"tags":[5252,589,5251,4547,2787],"class_list":["post-17521","post","type-post","status-publish","format-standard","has-post-thumbnail","hentry","category-economia","tag-86-em-fevereiro-e-passa-de-5-em-12-meses","tag-economia","tag-inflacao-sobe-0","tag-negocios","tag-politica"],"_links":{"self":[{"href":"https:\/\/blogs.correiobraziliense.com.br\/vicente\/wp-json\/wp\/v2\/posts\/17521","targetHints":{"allow":["GET"]}}],"collection":[{"href":"https:\/\/blogs.correiobraziliense.com.br\/vicente\/wp-json\/wp\/v2\/posts"}],"about":[{"href":"https:\/\/blogs.correiobraziliense.com.br\/vicente\/wp-json\/wp\/v2\/types\/post"}],"author":[{"embeddable":true,"href":"https:\/\/blogs.correiobraziliense.com.br\/vicente\/wp-json\/wp\/v2\/users\/22"}],"replies":[{"embeddable":true,"href":"https:\/\/blogs.correiobraziliense.com.br\/vicente\/wp-json\/wp\/v2\/comments?post=17521"}],"version-history":[{"count":1,"href":"https:\/\/blogs.correiobraziliense.com.br\/vicente\/wp-json\/wp\/v2\/posts\/17521\/revisions"}],"predecessor-version":[{"id":17522,"href":"https:\/\/blogs.correiobraziliense.com.br\/vicente\/wp-json\/wp\/v2\/posts\/17521\/revisions\/17522"}],"wp:featuredmedia":[{"embeddable":true,"href":"https:\/\/blogs.correiobraziliense.com.br\/vicente\/wp-json\/wp\/v2\/media\/12590"}],"wp:attachment":[{"href":"https:\/\/blogs.correiobraziliense.com.br\/vicente\/wp-json\/wp\/v2\/media?parent=17521"}],"wp:term":[{"taxonomy":"category","embeddable":true,"href":"https:\/\/blogs.correiobraziliense.com.br\/vicente\/wp-json\/wp\/v2\/categories?post=17521"},{"taxonomy":"post_tag","embeddable":true,"href":"https:\/\/blogs.correiobraziliense.com.br\/vicente\/wp-json\/wp\/v2\/tags?post=17521"}],"curies":[{"name":"wp","href":"https:\/\/api.w.org\/{rel}","templated":true}]}}