{"id":17515,"date":"2021-03-09T23:41:15","date_gmt":"2021-03-10T02:41:15","guid":{"rendered":"https:\/\/blogs.correiobraziliense.com.br\/vicente\/?p=17515"},"modified":"2021-03-10T01:00:13","modified_gmt":"2021-03-10T04:00:13","slug":"a-lidernbrasil-supera-os-estados-unidos-e-se-torna-o-pais-com-mais-mortes-diarias-por-covid","status":"publish","type":"post","link":"https:\/\/blogs.correiobraziliense.com.br\/vicente\/a-lidernbrasil-supera-os-estados-unidos-e-se-torna-o-pais-com-mais-mortes-diarias-por-covid\/","title":{"rendered":"Brasil supera os Estados Unidos e se torna o pa\u00eds com mais mortes di\u00e1rias por covid"},"content":{"rendered":"<h2>Triste realidade. O Brasil se tornou o pa\u00eds do mundo com mais registros de mortes di\u00e1rias pela covid-19, superando os Estados Unidos, que est\u00e1 tocando um avan\u00e7ado programa de imuniza\u00e7\u00e3o contra a doen\u00e7a. Nas \u00faltimas 24 horas, segundo dados do Conselho Nacional de Secret\u00e1rios de Sa\u00fade (Conass), foram 1.972 mortes no Brasil, contra 1.853 na na\u00e7\u00e3o mais rica do planeta.<\/h2>\n<p>&nbsp;<\/p>\n<p>Segundos os especialistas, a situa\u00e7\u00e3o ainda vai piorar muito no Brasil, que enfrenta uma dissemina\u00e7\u00e3o acelerada do novo coronav\u00edrus, agravada pelas novas cepas do micro-organismo. Nos pr\u00f3ximos dias, o n\u00famero de mortes pode passar de 2 mil, com chances de superar os 3 mil \u00f3bitos di\u00e1rios, pelas proje\u00e7\u00f5es do Minist\u00e9rio da Sa\u00fade.<\/p>\n<p>&nbsp;<\/p>\n<p>No Distrito Federal, em sete hospitais da rede p\u00fablica, j\u00e1 n\u00e3o h\u00e1 mais UTIs dispon\u00edveis para atender pacientes e, em muitos deles, pessoas est\u00e3o dividindo os mesmos pontos de oxig\u00eanio. Em S\u00e3o Paulo, h\u00e1 relatos frequentes sobre cidad\u00e3os que est\u00e3o morrendo nas filas de espera por falta de leitos. Em Santa Catarina, o colapso \u00e9 geral.<\/p>\n<p>&nbsp;<\/p>\n<p><strong>Cemit\u00e9rio alimentado pelo negacionismo<\/strong><\/p>\n<p>&nbsp;<\/p>\n<p>O quadro se agrava porque o Brasil n\u00e3o conseguiu organizar a tempo um programa nacional de imuniza\u00e7\u00e3o. Desde o in\u00edcio da pandemia, o presidente Jair Bolsonaro negou a gravidade da covid-19, classificando-a como uma &#8220;gripezinha&#8221;. O resultado disso \u00e9 que quase 270 mil brasileiros perderam a vida para o novo coronav\u00edrus.<\/p>\n<p>&nbsp;<\/p>\n<p>Desorganizado, o Minist\u00e9rio da Sa\u00fade conseguiu enterrar toda a expertise que o Brasil tinha na \u00e1rea de vacina\u00e7\u00e3o. N\u00e3o fechou contratos de compra de imunizantes no prazo certo e o governo sabotou, o quanto p\u00f4de, todas as iniciativas para a fabrica\u00e7\u00e3o e a distribui\u00e7\u00e3o de vacinas, como no caso da CoronaVac, do Instituto Butantan.<\/p>\n<p>&nbsp;<\/p>\n<p>Agora, Bolsonaro j\u00e1 pode botar na sua conta o recorde mais terr\u00edvel que uma pessoa pode carregar sobre seus ombros: o de l\u00edder mundial de mortes di\u00e1rias pela covid. O Brasil se transformou em um cemit\u00e9rio alimentado pelo negacionismo.<\/p>\n<p>&nbsp;<\/p>\n<p><em>Bras\u00edlia, 23h41min<\/em><\/p>\n","protected":false},"excerpt":{"rendered":"<p>Triste realidade. O Brasil se tornou o pa\u00eds do mundo com mais registros de mortes di\u00e1rias pela covid-19, superando os Estados Unidos, que est\u00e1 tocando um avan\u00e7ado programa de imuniza\u00e7\u00e3o contra a doen\u00e7a. Nas \u00faltimas 24 horas, segundo dados do Conselho Nacional de Secret\u00e1rios de Sa\u00fade (Conass), foram 1.972 mortes no Brasil, contra 1.853 na [&hellip;]<\/p>\n","protected":false},"author":22,"featured_media":17516,"comment_status":"open","ping_status":"closed","sticky":false,"template":"","format":"standard","meta":{"footnotes":""},"categories":[600],"tags":[378,5250,2787,579],"class_list":["post-17515","post","type-post","status-publish","format-standard","has-post-thumbnail","hentry","category-economia","tag-brasil","tag-brasil-supera-os-estados-unidos-e-se-torna-o-pais-com-mais-mortes-diarias-por-covid","tag-politica","tag-saude"],"_links":{"self":[{"href":"https:\/\/blogs.correiobraziliense.com.br\/vicente\/wp-json\/wp\/v2\/posts\/17515","targetHints":{"allow":["GET"]}}],"collection":[{"href":"https:\/\/blogs.correiobraziliense.com.br\/vicente\/wp-json\/wp\/v2\/posts"}],"about":[{"href":"https:\/\/blogs.correiobraziliense.com.br\/vicente\/wp-json\/wp\/v2\/types\/post"}],"author":[{"embeddable":true,"href":"https:\/\/blogs.correiobraziliense.com.br\/vicente\/wp-json\/wp\/v2\/users\/22"}],"replies":[{"embeddable":true,"href":"https:\/\/blogs.correiobraziliense.com.br\/vicente\/wp-json\/wp\/v2\/comments?post=17515"}],"version-history":[{"count":4,"href":"https:\/\/blogs.correiobraziliense.com.br\/vicente\/wp-json\/wp\/v2\/posts\/17515\/revisions"}],"predecessor-version":[{"id":17520,"href":"https:\/\/blogs.correiobraziliense.com.br\/vicente\/wp-json\/wp\/v2\/posts\/17515\/revisions\/17520"}],"wp:featuredmedia":[{"embeddable":true,"href":"https:\/\/blogs.correiobraziliense.com.br\/vicente\/wp-json\/wp\/v2\/media\/17516"}],"wp:attachment":[{"href":"https:\/\/blogs.correiobraziliense.com.br\/vicente\/wp-json\/wp\/v2\/media?parent=17515"}],"wp:term":[{"taxonomy":"category","embeddable":true,"href":"https:\/\/blogs.correiobraziliense.com.br\/vicente\/wp-json\/wp\/v2\/categories?post=17515"},{"taxonomy":"post_tag","embeddable":true,"href":"https:\/\/blogs.correiobraziliense.com.br\/vicente\/wp-json\/wp\/v2\/tags?post=17515"}],"curies":[{"name":"wp","href":"https:\/\/api.w.org\/{rel}","templated":true}]}}