{"id":17508,"date":"2021-03-08T12:55:33","date_gmt":"2021-03-08T15:55:33","guid":{"rendered":"https:\/\/blogs.correiobraziliense.com.br\/vicente\/?p=17508"},"modified":"2021-03-08T13:21:32","modified_gmt":"2021-03-08T16:21:32","slug":"hfa-contratou-conteiner-porque-corpos-com-doencas-contagiosas-tem-que-ficar-separados-diz-defesa","status":"publish","type":"post","link":"https:\/\/blogs.correiobraziliense.com.br\/vicente\/hfa-contratou-conteiner-porque-corpos-com-doencas-contagiosas-tem-que-ficar-separados-diz-defesa\/","title":{"rendered":"HFA contratou cont\u00eainer porque corpos com doen\u00e7as contagiosas t\u00eam que ficar separados, diz defesa"},"content":{"rendered":"<h2>O Hospital das For\u00e7as Armadas (HFA), que est\u00e1 com 90% de ocupa\u00e7\u00e3o na sua Unidade de Tratamento Intensivo (UTI), contratou um cont\u00eainer para estocar corpos de pessoas mortas pela covid-19 porque a legisla\u00e7\u00e3o determina que cad\u00e1veres com doen\u00e7as contagiosas, como a covid-19, fiquem acondicionados em separado.<\/h2>\n<p>&nbsp;<\/p>\n<p>\u00c9 o que informa o Minist\u00e9rio da Defesa, ao qual o HFA est\u00e1 subordinado, em nota encaminhada do <strong>Blog<\/strong> nesta segunda-feira (08\/03). O cont\u00eainer, acrescenta, foi contratado em setembro de 2020, mas, com a disparada dos casos de covid-19 no Distrito Federal, tornou-se indispens\u00e1vel, pois o atual necrot\u00e9rio n\u00e3o suporta tantos corpos. Veja a \u00edntegra da nota:<\/p>\n<p>&nbsp;<\/p>\n<blockquote><p>&#8221; O Minist\u00e9rio da Defesa informa, por meio do Hospital das For\u00e7as Armadas (HFA), que a taxa de ocupa\u00e7\u00e3o atual \u00e9 de 90% na UTI. O HFA \u00e9 um hospital de refer\u00eancia no tratamento do Coronav\u00edrus e tem participado ativamente do tratamento da Covid-19 nos n\u00edveis ambulatorial e de pronto atendimento. As interna\u00e7\u00f5es s\u00e3o no n\u00edvel enfermaria e UTI.<\/p>\n<p>&nbsp;<\/p>\n<p>No que se refere ao necrot\u00e9rio, o servi\u00e7o de anatomia patol\u00f3gica, constru\u00eddo para atender as demandas da d\u00e9cada de 1970, \u00e9 pequeno e j\u00e1 necessitava de reforma e amplia\u00e7\u00e3o desde 2015. Assim, desde setembro de 2020, foi contratado um container frigor\u00edfico para assegurar tratamento condizente \u00e0 demanda. A loca\u00e7\u00e3o do cont\u00eainer permite atender a legisla\u00e7\u00e3o, que determina que os corpos de doen\u00e7as infectocontagiosas sejam acondicionados em separado e com refrigera\u00e7\u00e3o adequada.&#8221;<\/p><\/blockquote>\n<p>&nbsp;<\/p>\n<p>A covid-19 est\u00e1 fora de controle em todo o Distrito Federal. Tanto os hospitais da rede p\u00fablica quanto os privados trabalham com quase 100% de lota\u00e7\u00e3o nas UTIs. O DF contabilizou 12 mortes pela covid-19 nas \u00faltimas 24 horas, totalizando 4.962 vidas perdidas. Foram registrados, tamb\u00e9m em 24 horas, 874 novos casos, que somam 306.251.<\/p>\n<p>&nbsp;<\/p>\n<p>A gravidade da situa\u00e7\u00e3o deixou at\u00e9 os militares mais radicais, apoiadores incondicionais do presidente Jair Bolsonaro, assustados. Em grupos de mensagens, admitem que a situa\u00e7\u00e3o \u00e9 dram\u00e1tica. No HFA, o colapso pode ocorrer a qualquer momento se nada for feito urgentemente para conter a dissemina\u00e7\u00e3o do novo coronav\u00edrus.<\/p>\n<p>&nbsp;<\/p>\n<p><em>Bras\u00edlia, 12h55min<\/em><\/p>\n","protected":false},"excerpt":{"rendered":"<p>O Hospital das For\u00e7as Armadas (HFA), que est\u00e1 com 90% de ocupa\u00e7\u00e3o na sua Unidade de Tratamento Intensivo (UTI), contratou um cont\u00eainer para estocar corpos de pessoas mortas pela covid-19 porque a legisla\u00e7\u00e3o determina que cad\u00e1veres com doen\u00e7as contagiosas, como a covid-19, fiquem acondicionados em separado. &nbsp; \u00c9 o que informa o Minist\u00e9rio da Defesa, [&hellip;]<\/p>\n","protected":false},"author":22,"featured_media":17500,"comment_status":"open","ping_status":"closed","sticky":false,"template":"","format":"standard","meta":{"footnotes":""},"categories":[600],"tags":[926,5247,5246,2787,579],"class_list":["post-17508","post","type-post","status-publish","format-standard","has-post-thumbnail","hentry","category-economia","tag-brasilia","tag-diz-defesa","tag-hfa-contratou-conteiner-porque-corpos-com-doencas-contagiosas-tem-que-ficar-separados","tag-politica","tag-saude"],"_links":{"self":[{"href":"https:\/\/blogs.correiobraziliense.com.br\/vicente\/wp-json\/wp\/v2\/posts\/17508","targetHints":{"allow":["GET"]}}],"collection":[{"href":"https:\/\/blogs.correiobraziliense.com.br\/vicente\/wp-json\/wp\/v2\/posts"}],"about":[{"href":"https:\/\/blogs.correiobraziliense.com.br\/vicente\/wp-json\/wp\/v2\/types\/post"}],"author":[{"embeddable":true,"href":"https:\/\/blogs.correiobraziliense.com.br\/vicente\/wp-json\/wp\/v2\/users\/22"}],"replies":[{"embeddable":true,"href":"https:\/\/blogs.correiobraziliense.com.br\/vicente\/wp-json\/wp\/v2\/comments?post=17508"}],"version-history":[{"count":2,"href":"https:\/\/blogs.correiobraziliense.com.br\/vicente\/wp-json\/wp\/v2\/posts\/17508\/revisions"}],"predecessor-version":[{"id":17510,"href":"https:\/\/blogs.correiobraziliense.com.br\/vicente\/wp-json\/wp\/v2\/posts\/17508\/revisions\/17510"}],"wp:featuredmedia":[{"embeddable":true,"href":"https:\/\/blogs.correiobraziliense.com.br\/vicente\/wp-json\/wp\/v2\/media\/17500"}],"wp:attachment":[{"href":"https:\/\/blogs.correiobraziliense.com.br\/vicente\/wp-json\/wp\/v2\/media?parent=17508"}],"wp:term":[{"taxonomy":"category","embeddable":true,"href":"https:\/\/blogs.correiobraziliense.com.br\/vicente\/wp-json\/wp\/v2\/categories?post=17508"},{"taxonomy":"post_tag","embeddable":true,"href":"https:\/\/blogs.correiobraziliense.com.br\/vicente\/wp-json\/wp\/v2\/tags?post=17508"}],"curies":[{"name":"wp","href":"https:\/\/api.w.org\/{rel}","templated":true}]}}