{"id":17499,"date":"2021-03-08T00:12:37","date_gmt":"2021-03-08T03:12:37","guid":{"rendered":"https:\/\/blogs.correiobraziliense.com.br\/vicente\/?p=17499"},"modified":"2021-03-08T01:32:32","modified_gmt":"2021-03-08T04:32:32","slug":"hospital-das-forcas-armadas-tem-90-de-ocupacao-na-uti-e-contrata-conteiner-para-estocar-corpos","status":"publish","type":"post","link":"https:\/\/blogs.correiobraziliense.com.br\/vicente\/hospital-das-forcas-armadas-tem-90-de-ocupacao-na-uti-e-contrata-conteiner-para-estocar-corpos\/","title":{"rendered":"Hospital das For\u00e7as Armadas tem 90% de ocupa\u00e7\u00e3o na UTI e contrata cont\u00eainer para estocar corpos"},"content":{"rendered":"<h2>VICENTE NUNES E J\u00c9SSICA EUFR\u00c1SIO<\/h2>\n<h2><\/h2>\n<h2>A situa\u00e7\u00e3o dram\u00e1tica da covid-19 no Distrito Federal atingiu em cheio o Hospital das For\u00e7as Armadas (HFA). A UTI que atende pacientes contaminado pelo novo coronav\u00edrus atingiu o n\u00edvel cr\u00edtico de 90% e foi contratado um cont\u00eainer frigor\u00edfico para estocar corpos, como se viu em Manaus e mais, recentemente, no Rio Grande do Sul.<\/h2>\n<p>&nbsp;<\/p>\n<p>As informa\u00e7\u00f5es foram confirmadas ao<strong> Correio<\/strong> por meio de nota emitida pelo Minist\u00e9rio da Defesa. Profissionais do hospital relatam que nunca viram um quadro t\u00e3o complicado para o atendimento a pacientes com covid-19. O perfil de internados est\u00e1 cada vez mais jovem e ocupando os leitos por mais tempo.<\/p>\n<p>&nbsp;<\/p>\n<blockquote><p>&#8220;O Minist\u00e9rio da Defesa informa, por meio do Hospital das For\u00e7as Armadas (HFA), que a taxa de ocupa\u00e7\u00e3o atual \u00e9 de 90% na UTI. O HFA \u00e9 um hospital de refer\u00eancia no tratamento do Coronav\u00edrus e tem participado ativamente do tratamento da Covid-19 nos n\u00edveis ambulatorial e de pronto atendimento. As interna\u00e7\u00f5es s\u00e3o no n\u00edvel enfermaria e UTI. Desde setembro de 2020, foi contratado um cont\u00eainer frigor\u00edfico.&#8221;<\/p><\/blockquote>\n<p>&nbsp;<\/p>\n<figure id=\"attachment_17501\" aria-describedby=\"caption-attachment-17501\" style=\"width: 665px\" class=\"wp-caption alignleft\"><a href=\"https:\/\/blogs.correiobraziliense.com.br\/vicente\/wp-content\/uploads\/sites\/16\/2021\/03\/HFAconteiner.jpg\"><img loading=\"lazy\" decoding=\"async\" class=\" wp-image-17501\" src=\"https:\/\/blogs.correiobraziliense.com.br\/vicente\/wp-content\/uploads\/sites\/16\/2021\/03\/HFAconteiner.jpg\" alt=\"\" width=\"665\" height=\"395\" srcset=\"https:\/\/blogs.correiobraziliense.com.br\/vicente\/wp-content\/uploads\/sites\/16\/2021\/03\/HFAconteiner.jpg 800w, https:\/\/blogs.correiobraziliense.com.br\/vicente\/wp-content\/uploads\/sites\/16\/2021\/03\/HFAconteiner-300x178.jpg 300w, https:\/\/blogs.correiobraziliense.com.br\/vicente\/wp-content\/uploads\/sites\/16\/2021\/03\/HFAconteiner-768x456.jpg 768w, https:\/\/blogs.correiobraziliense.com.br\/vicente\/wp-content\/uploads\/sites\/16\/2021\/03\/HFAconteiner-550x327.jpg 550w, https:\/\/blogs.correiobraziliense.com.br\/vicente\/wp-content\/uploads\/sites\/16\/2021\/03\/HFAconteiner-230x137.jpg 230w\" sizes=\"auto, (max-width: 665px) 100vw, 665px\" \/><\/a><figcaption id=\"caption-attachment-17501\" class=\"wp-caption-text\">Foto: Ed Alves\/CB\/D.A Press<\/figcaption><\/figure>\n<p>Integrantes do HFA dizem, ainda, que outros tipos de cont\u00eaineres podem ser contratados, pois, desde janeiro, h\u00e1 um edital no site do hospital nesse sentido. Mas esses cont\u00eaineres, tipo mar\u00edtimos,seriam usados durante uma reforma do setor de anatomia patol\u00f3gica. A reportagem passou pelo hospital e encontrou apenas esses itens destinados \u00e0s obras.<\/p>\n<p>&nbsp;<\/p>\n<p>Pelas dilig\u00eancias do Conselho Regional de Enfermagem do Distrito Federal (Coren-DF) e diante da disparada de contamina\u00e7\u00f5es pelo novo coronav\u00edrus e de mortes, hospitais da rede p\u00fablica da capital do pa\u00eds, muito provavelmente, tamb\u00e9m ter\u00e3o de recorrer aos frigor\u00edficos para as unidades de sa\u00fade.<\/p>\n<p>&nbsp;<\/p>\n<p>Para representantes do governo, a superlota\u00e7\u00e3o no HFA e a contrata\u00e7\u00e3o de cont\u00eainer para a estocagem de corpos devem provocar abalo no Pal\u00e1cio do Planalto. O presidente Jair Bolsonaro renega a gravidade da covid-19 no pa\u00eds, desestimula o uso de vacinas e \u00e9 totalmente contr\u00e1rio \u00e0 ado\u00e7\u00e3o de medidas restritivas para conter a dissemina\u00e7\u00e3o do v\u00edrus.<\/p>\n<p>&nbsp;<\/p>\n<p>Colaborou: <strong>Pedro Marra<\/strong>.<\/p>\n<p>&nbsp;<\/p>\n<p><em>Bras\u00edlia, 00h12min<\/em><\/p>\n","protected":false},"excerpt":{"rendered":"<p>VICENTE NUNES E J\u00c9SSICA EUFR\u00c1SIO A situa\u00e7\u00e3o dram\u00e1tica da covid-19 no Distrito Federal atingiu em cheio o Hospital das For\u00e7as Armadas (HFA). A UTI que atende pacientes contaminado pelo novo coronav\u00edrus atingiu o n\u00edvel cr\u00edtico de 90% e foi contratado um cont\u00eainer frigor\u00edfico para estocar corpos, como se viu em Manaus e mais, recentemente, no [&hellip;]<\/p>\n","protected":false},"author":22,"featured_media":17500,"comment_status":"open","ping_status":"closed","sticky":false,"template":"","format":"standard","meta":{"footnotes":""},"categories":[600],"tags":[926,4532,5245,2787,579],"class_list":["post-17499","post","type-post","status-publish","format-standard","has-post-thumbnail","hentry","category-economia","tag-brasilia","tag-hfa","tag-hospital-das-forcas-armadas-tem-90-de-ocupacao-na-uti-e-contrata-conteiner-para-estocar-corpos","tag-politica","tag-saude"],"_links":{"self":[{"href":"https:\/\/blogs.correiobraziliense.com.br\/vicente\/wp-json\/wp\/v2\/posts\/17499","targetHints":{"allow":["GET"]}}],"collection":[{"href":"https:\/\/blogs.correiobraziliense.com.br\/vicente\/wp-json\/wp\/v2\/posts"}],"about":[{"href":"https:\/\/blogs.correiobraziliense.com.br\/vicente\/wp-json\/wp\/v2\/types\/post"}],"author":[{"embeddable":true,"href":"https:\/\/blogs.correiobraziliense.com.br\/vicente\/wp-json\/wp\/v2\/users\/22"}],"replies":[{"embeddable":true,"href":"https:\/\/blogs.correiobraziliense.com.br\/vicente\/wp-json\/wp\/v2\/comments?post=17499"}],"version-history":[{"count":3,"href":"https:\/\/blogs.correiobraziliense.com.br\/vicente\/wp-json\/wp\/v2\/posts\/17499\/revisions"}],"predecessor-version":[{"id":17504,"href":"https:\/\/blogs.correiobraziliense.com.br\/vicente\/wp-json\/wp\/v2\/posts\/17499\/revisions\/17504"}],"wp:featuredmedia":[{"embeddable":true,"href":"https:\/\/blogs.correiobraziliense.com.br\/vicente\/wp-json\/wp\/v2\/media\/17500"}],"wp:attachment":[{"href":"https:\/\/blogs.correiobraziliense.com.br\/vicente\/wp-json\/wp\/v2\/media?parent=17499"}],"wp:term":[{"taxonomy":"category","embeddable":true,"href":"https:\/\/blogs.correiobraziliense.com.br\/vicente\/wp-json\/wp\/v2\/categories?post=17499"},{"taxonomy":"post_tag","embeddable":true,"href":"https:\/\/blogs.correiobraziliense.com.br\/vicente\/wp-json\/wp\/v2\/tags?post=17499"}],"curies":[{"name":"wp","href":"https:\/\/api.w.org\/{rel}","templated":true}]}}