{"id":17494,"date":"2021-03-06T12:33:54","date_gmt":"2021-03-06T15:33:54","guid":{"rendered":"https:\/\/blogs.correiobraziliense.com.br\/vicente\/?p=17494"},"modified":"2021-03-07T10:55:28","modified_gmt":"2021-03-07T13:55:28","slug":"arco-educacao-compra-grupo-coc-com-forte-atuacao-no-distrito-federal","status":"publish","type":"post","link":"https:\/\/blogs.correiobraziliense.com.br\/vicente\/arco-educacao-compra-grupo-coc-com-forte-atuacao-no-distrito-federal\/","title":{"rendered":"Arco Educa\u00e7\u00e3o compra grupo COC, com forte atua\u00e7\u00e3o no Distrito Federal"},"content":{"rendered":"<h2>Os neg\u00f3cios envolvendo o setor de educa\u00e7\u00e3o n\u00e3o param de surpreender. Em comunicado ao mercado, a Arco Educa\u00e7\u00e3o anunciou, neste s\u00e1bado (06\/03) que comprou os grupos COC, com forte atua\u00e7\u00e3o no Distrito Federal, e Dom Bosco. A opera\u00e7\u00e3o movimentou R$ 920 milh\u00f5es.<\/h2>\n<p>&nbsp;<\/p>\n<p>Os grupos COC e Dom Bosco pertenciam \u00e0 Pearson, que buscava compradores para os dois sistemas de educa\u00e7\u00e3o desde o fim de 2020. A Arco Educa\u00e7\u00e3o venceu a Cogna na disputa pelo neg\u00f3cio. A Cogna teria oferecido entre R$ 650 milh\u00f5es e R$ 700 milh\u00f5es \u00e0 Pearson.<\/p>\n<p>&nbsp;<\/p>\n<p>Em fevereiro deste ano, o grupo Eleva, do bilion\u00e1rio Jorge Paulo Lemann, arrematou o controle de 51 escolas pertencentes ao Cogna e ao Saber. A opera\u00e7\u00e3o envolveu as rede Sigma, tamb\u00e9m com presen\u00e7a importante no Distrito Federal, e Leonardo da Vinci, presente no Esp\u00edrito Santo. O sistema Leonardo da Vinci do DF pertence a outros donos, que continuam no controle do neg\u00f3cio.<\/p>\n<p>&nbsp;<\/p>\n<p>Segundo especialistas, o setor de educa\u00e7\u00e3o passa por um importante processo de consolida\u00e7\u00e3o, acelerado pela pandemia do novo coronav\u00edrus. Essa concentra\u00e7\u00e3o, por sinal, j\u00e1 est\u00e1 sendo avaliada pelo Conselho Administrativo de Defesa da Concorr\u00eancia (Cade).<\/p>\n<p>&nbsp;<\/p>\n<p>Com a compra dos grupos COC e Dom Bosco, que oferecem\u00a0ensinos infantil, fundamental e m\u00e9dio, al\u00e9m de pr\u00e9-vestibular e atendem mais de 800 escolas e com aproximadamente 210.000 alunos, a Arcos Educa\u00e7\u00e3o passar\u00e1 a ter 1,9 milh\u00e3o de estudantes no Brasil. A empresa est\u00e1 disposta a ampliar seu espa\u00e7o no mercado e se manter na lideran\u00e7a contra a concorr\u00eancia.<\/p>\n<p>&nbsp;<\/p>\n<p><em>Bras\u00edlia, 12h33min<\/em><\/p>\n","protected":false},"excerpt":{"rendered":"<p>Os neg\u00f3cios envolvendo o setor de educa\u00e7\u00e3o n\u00e3o param de surpreender. Em comunicado ao mercado, a Arco Educa\u00e7\u00e3o anunciou, neste s\u00e1bado (06\/03) que comprou os grupos COC, com forte atua\u00e7\u00e3o no Distrito Federal, e Dom Bosco. A opera\u00e7\u00e3o movimentou R$ 920 milh\u00f5es. &nbsp; Os grupos COC e Dom Bosco pertenciam \u00e0 Pearson, que buscava compradores [&hellip;]<\/p>\n","protected":false},"author":22,"featured_media":17495,"comment_status":"open","ping_status":"closed","sticky":false,"template":"","format":"standard","meta":{"footnotes":""},"categories":[600],"tags":[5243,5244,589,4943,4547],"class_list":["post-17494","post","type-post","status-publish","format-standard","has-post-thumbnail","hentry","category-economia","tag-arco-educacao-compra-grupo-coc","tag-com-forte-atuacao-no-distrito-federal","tag-economia","tag-financas","tag-negocios"],"_links":{"self":[{"href":"https:\/\/blogs.correiobraziliense.com.br\/vicente\/wp-json\/wp\/v2\/posts\/17494","targetHints":{"allow":["GET"]}}],"collection":[{"href":"https:\/\/blogs.correiobraziliense.com.br\/vicente\/wp-json\/wp\/v2\/posts"}],"about":[{"href":"https:\/\/blogs.correiobraziliense.com.br\/vicente\/wp-json\/wp\/v2\/types\/post"}],"author":[{"embeddable":true,"href":"https:\/\/blogs.correiobraziliense.com.br\/vicente\/wp-json\/wp\/v2\/users\/22"}],"replies":[{"embeddable":true,"href":"https:\/\/blogs.correiobraziliense.com.br\/vicente\/wp-json\/wp\/v2\/comments?post=17494"}],"version-history":[{"count":3,"href":"https:\/\/blogs.correiobraziliense.com.br\/vicente\/wp-json\/wp\/v2\/posts\/17494\/revisions"}],"predecessor-version":[{"id":17498,"href":"https:\/\/blogs.correiobraziliense.com.br\/vicente\/wp-json\/wp\/v2\/posts\/17494\/revisions\/17498"}],"wp:featuredmedia":[{"embeddable":true,"href":"https:\/\/blogs.correiobraziliense.com.br\/vicente\/wp-json\/wp\/v2\/media\/17495"}],"wp:attachment":[{"href":"https:\/\/blogs.correiobraziliense.com.br\/vicente\/wp-json\/wp\/v2\/media?parent=17494"}],"wp:term":[{"taxonomy":"category","embeddable":true,"href":"https:\/\/blogs.correiobraziliense.com.br\/vicente\/wp-json\/wp\/v2\/categories?post=17494"},{"taxonomy":"post_tag","embeddable":true,"href":"https:\/\/blogs.correiobraziliense.com.br\/vicente\/wp-json\/wp\/v2\/tags?post=17494"}],"curies":[{"name":"wp","href":"https:\/\/api.w.org\/{rel}","templated":true}]}}