{"id":17491,"date":"2021-03-05T23:31:43","date_gmt":"2021-03-06T02:31:43","guid":{"rendered":"https:\/\/blogs.correiobraziliense.com.br\/vicente\/?p=17491"},"modified":"2021-03-06T00:10:32","modified_gmt":"2021-03-06T03:10:32","slug":"ipea-baixa-linha-dura-para-controlar-trabalho-de-pesquisadores","status":"publish","type":"post","link":"https:\/\/blogs.correiobraziliense.com.br\/vicente\/ipea-baixa-linha-dura-para-controlar-trabalho-de-pesquisadores\/","title":{"rendered":"Ipea baixa linha dura para controlar trabalho de pesquisadores"},"content":{"rendered":"<h2>O Instituto de Pesquisa Econ\u00f4mica Aplicada (Ipea) baixou circular na quinta-feira (04\/03) por meio da qual instituiu controle total sobre a publica\u00e7\u00e3o de pesquisas e textos elaborados por t\u00e9cnicos do \u00f3rg\u00e3o. Muitos falam em censura pr\u00e9via.<\/h2>\n<p>&nbsp;<\/p>\n<p>No documento assinado pelo presidente do Ipea, Carlos Von Doellinger, est\u00e1 definido que todos trabalhos t\u00e9cnicos s\u00f3 poder\u00e3o ser divulgados depois de passar pelo crivo da diretoria do instituto. O \u00f3rg\u00e3o alega que os servidores que n\u00e3o seguirem as recomenda\u00e7\u00f5es estar\u00e3o abrindo m\u00e3o do compromisso \u00e9tico, cometendo, portanto, &#8220;infra\u00e7\u00e3o disciplinar&#8221;.<\/p>\n<p>&nbsp;<\/p>\n<p>No entender do Ipea, todos os trabalhos realizados pelos pesquisados s\u00e3o de &#8220;propriedade&#8221; do \u00f3rg\u00e3o, ao qual cabe decidir o que ser\u00e1 levando adiante e o que poder\u00e1 se tornar p\u00fablico e quando. &#8220;Trata-se de um controle absurdo&#8221;, diz um t\u00e9cnico.<\/p>\n<p>&nbsp;<\/p>\n<p>O Ipea sempre foi visto como um centro de excel\u00eancia no debate. Os trabalhos realizados por seus pesquisadores s\u00e3o refer\u00eancias, sobretudo pela diversidade de pensamento. &#8220;O risco de controle excessivo \u00e9 de se impor o pensamento \u00fanico&#8221;, acrescenta outro pesquisador.<\/p>\n<p>&nbsp;<\/p>\n<p>Durante o per\u00edodo militar, os ministros Delfim Netto e Jo\u00e3o Paulo dos Reis Velloso abrigaram no Ipea economistas de esquerdas perseguidos pela ditadura. Foram os casos de Maria da Concei\u00e7\u00e3o Tavares e Luiz Gonzaga Belluzzo. Delfim, inclusive, concedeu uma bolsa de estudos para Belluzzo na Sorbonne, na Fran\u00e7a.<\/p>\n<p>&nbsp;<\/p>\n<p><em>Bras\u00edlia, 23h31min<\/em><\/p>\n","protected":false},"excerpt":{"rendered":"<p>O Instituto de Pesquisa Econ\u00f4mica Aplicada (Ipea) baixou circular na quinta-feira (04\/03) por meio da qual instituiu controle total sobre a publica\u00e7\u00e3o de pesquisas e textos elaborados por t\u00e9cnicos do \u00f3rg\u00e3o. Muitos falam em censura pr\u00e9via. &nbsp; No documento assinado pelo presidente do Ipea, Carlos Von Doellinger, est\u00e1 definido que todos trabalhos t\u00e9cnicos s\u00f3 poder\u00e3o [&hellip;]<\/p>\n","protected":false},"author":22,"featured_media":17492,"comment_status":"open","ping_status":"closed","sticky":false,"template":"","format":"standard","meta":{"footnotes":""},"categories":[600],"tags":[589,5242,2526,2787],"class_list":["post-17491","post","type-post","status-publish","format-standard","has-post-thumbnail","hentry","category-economia","tag-economia","tag-ipea-baixa-linha-dura-para-controlar-trabalho-de-pesquisadores","tag-poder","tag-politica"],"_links":{"self":[{"href":"https:\/\/blogs.correiobraziliense.com.br\/vicente\/wp-json\/wp\/v2\/posts\/17491","targetHints":{"allow":["GET"]}}],"collection":[{"href":"https:\/\/blogs.correiobraziliense.com.br\/vicente\/wp-json\/wp\/v2\/posts"}],"about":[{"href":"https:\/\/blogs.correiobraziliense.com.br\/vicente\/wp-json\/wp\/v2\/types\/post"}],"author":[{"embeddable":true,"href":"https:\/\/blogs.correiobraziliense.com.br\/vicente\/wp-json\/wp\/v2\/users\/22"}],"replies":[{"embeddable":true,"href":"https:\/\/blogs.correiobraziliense.com.br\/vicente\/wp-json\/wp\/v2\/comments?post=17491"}],"version-history":[{"count":1,"href":"https:\/\/blogs.correiobraziliense.com.br\/vicente\/wp-json\/wp\/v2\/posts\/17491\/revisions"}],"predecessor-version":[{"id":17493,"href":"https:\/\/blogs.correiobraziliense.com.br\/vicente\/wp-json\/wp\/v2\/posts\/17491\/revisions\/17493"}],"wp:featuredmedia":[{"embeddable":true,"href":"https:\/\/blogs.correiobraziliense.com.br\/vicente\/wp-json\/wp\/v2\/media\/17492"}],"wp:attachment":[{"href":"https:\/\/blogs.correiobraziliense.com.br\/vicente\/wp-json\/wp\/v2\/media?parent=17491"}],"wp:term":[{"taxonomy":"category","embeddable":true,"href":"https:\/\/blogs.correiobraziliense.com.br\/vicente\/wp-json\/wp\/v2\/categories?post=17491"},{"taxonomy":"post_tag","embeddable":true,"href":"https:\/\/blogs.correiobraziliense.com.br\/vicente\/wp-json\/wp\/v2\/tags?post=17491"}],"curies":[{"name":"wp","href":"https:\/\/api.w.org\/{rel}","templated":true}]}}