{"id":1749,"date":"2016-06-30T00:01:42","date_gmt":"2016-06-30T03:01:42","guid":{"rendered":"https:\/\/blogs.correiobraziliense.com.br\/vicente\/?p=1749"},"modified":"2016-07-08T10:07:50","modified_gmt":"2016-07-08T13:07:50","slug":"libra-some-do-mercado","status":"publish","type":"post","link":"https:\/\/blogs.correiobraziliense.com.br\/vicente\/libra-some-do-mercado\/","title":{"rendered":"Libra some do mercado"},"content":{"rendered":"<p>POR ROSANA HESSEL<\/p>\n<p>&nbsp;<\/p>\n<p>Ap\u00f3s o referendo que aprovou a sa\u00edda do Reino Unido da Uni\u00e3o Europeia, a Brexit, na \u00faltima sexta-feira, a queda generalizada do d\u00f3lar, do euro e da libra provocou uma corrida \u00e0s casas de c\u00e2mbio, a ponto de j\u00e1 haver falta de moeda nos estabelecimentos. \u201cA procura por essas divisas cresceu 80% nas nossas lojas. A demanda por libra foi algo fora do comum, e chegou a faltar o dinheiro em esp\u00e9cie no Brasil inteiro\u201d, contou o diretor de Varejo da Europa C\u00e2mbio, Ed\u00edsio Pereira Neto. \u201cOs bancos est\u00e3o programando o abastecimento de c\u00e9dulas de libra para esta quinta-feira para podermos atender \u00e0 demanda\u201d, disse.<\/p>\n<p>&nbsp;<\/p>\n<p>Ontem, o d\u00f3lar caiu 2,09%, para R$ 3,237 na venda, no segmento comercial. O euro escorregou 1,67%, para R$ 3,595. J\u00e1 a libra, que chegou a despencar 10% na sexta-feira, estava ontem a R$ 4,38, de acordo com o site do Banco Central. Mas quem acha que vai encontrar esses pre\u00e7os nas casas de c\u00e2mbio, onde s\u00e3o atendidos turistas, est\u00e1 enganado. No aeroporto de Bras\u00edlia, por exemplo, a divisa norte-americana era vendida a R$ 3,62. E o euro estava cotado a R$ 4,10.<\/p>\n<p>&nbsp;<\/p>\n<p>O banc\u00e1rio Roberto Pereira, 36 anos, n\u00e3o tem viagem marcada, mas decidiu comprar d\u00f3lares para o caso de surgir uma oportunidade de visitar outro pa\u00eds. Ontem, comprou a moeda por R$ 3,54 em uma casa de c\u00e2mbio no Plano Piloto. \u201c\u00c0s vezes, eu e minha esposa viajamos, ent\u00e3o prefiro ficar com o dinheiro guardado para me preparar para essas ocasi\u00f5es\u201d, disse. Ele contou que, no per\u00edodo em que ficou na loja, entraram umas cinco pessoas. \u201cIsso foi, por volta de 15h. Nesse hor\u00e1rio n\u00e3o tem, pelo que eu conhe\u00e7o, movimento assim\u201d, contou ele, que aposta que o d\u00f3lar n\u00e3o deve baixar mais.<\/p>\n<p>&nbsp;<\/p>\n<p><i>Bras\u00edlia, 00h01min<\/i><\/p>\n","protected":false},"excerpt":{"rendered":"<p>POR ROSANA HESSEL &nbsp; Ap\u00f3s o referendo que aprovou a sa\u00edda do Reino Unido da Uni\u00e3o Europeia, a Brexit, na \u00faltima sexta-feira, a queda generalizada do d\u00f3lar, do euro e da libra provocou uma corrida \u00e0s casas de c\u00e2mbio, a ponto de j\u00e1 haver falta de moeda nos estabelecimentos. \u201cA procura por essas divisas cresceu [&hellip;]<\/p>\n","protected":false},"author":22,"featured_media":0,"comment_status":"open","ping_status":"closed","sticky":false,"template":"","format":"standard","meta":{"footnotes":""},"categories":[600,1],"tags":[345,343,344,493,279],"class_list":["post-1749","post","type-post","status-publish","format-standard","hentry","category-economia","category-sem-categoria","tag-brexit","tag-dolar","tag-euro","tag-libra","tag-queda"],"_links":{"self":[{"href":"https:\/\/blogs.correiobraziliense.com.br\/vicente\/wp-json\/wp\/v2\/posts\/1749","targetHints":{"allow":["GET"]}}],"collection":[{"href":"https:\/\/blogs.correiobraziliense.com.br\/vicente\/wp-json\/wp\/v2\/posts"}],"about":[{"href":"https:\/\/blogs.correiobraziliense.com.br\/vicente\/wp-json\/wp\/v2\/types\/post"}],"author":[{"embeddable":true,"href":"https:\/\/blogs.correiobraziliense.com.br\/vicente\/wp-json\/wp\/v2\/users\/22"}],"replies":[{"embeddable":true,"href":"https:\/\/blogs.correiobraziliense.com.br\/vicente\/wp-json\/wp\/v2\/comments?post=1749"}],"version-history":[{"count":1,"href":"https:\/\/blogs.correiobraziliense.com.br\/vicente\/wp-json\/wp\/v2\/posts\/1749\/revisions"}],"predecessor-version":[{"id":1750,"href":"https:\/\/blogs.correiobraziliense.com.br\/vicente\/wp-json\/wp\/v2\/posts\/1749\/revisions\/1750"}],"wp:attachment":[{"href":"https:\/\/blogs.correiobraziliense.com.br\/vicente\/wp-json\/wp\/v2\/media?parent=1749"}],"wp:term":[{"taxonomy":"category","embeddable":true,"href":"https:\/\/blogs.correiobraziliense.com.br\/vicente\/wp-json\/wp\/v2\/categories?post=1749"},{"taxonomy":"post_tag","embeddable":true,"href":"https:\/\/blogs.correiobraziliense.com.br\/vicente\/wp-json\/wp\/v2\/tags?post=1749"}],"curies":[{"name":"wp","href":"https:\/\/api.w.org\/{rel}","templated":true}]}}