{"id":17489,"date":"2021-03-05T18:11:18","date_gmt":"2021-03-05T21:11:18","guid":{"rendered":"https:\/\/blogs.correiobraziliense.com.br\/vicente\/?p=17489"},"modified":"2021-03-05T18:30:24","modified_gmt":"2021-03-05T21:30:24","slug":"inss-tem-mais-de-1-milhao-de-processos-parados-e-diretor-vai-fazer-curso-na-espanha","status":"publish","type":"post","link":"https:\/\/blogs.correiobraziliense.com.br\/vicente\/inss-tem-mais-de-1-milhao-de-processos-parados-e-diretor-vai-fazer-curso-na-espanha\/","title":{"rendered":"INSS tem mais de 1 milh\u00e3o de processos parados e diretor vai fazer curso na Espanha"},"content":{"rendered":"<h2>Realmente, trabalhadores e aposentados n\u00e3o s\u00e3o prioridades para o Instituto Nacional do Seguro Social (INSS). Com mais de 1 milh\u00e3o de processos encalhadores, o diretor de Atendimento do \u00f3rg\u00e3o, Jobson de Paiva Silveira Sales, ir\u00e1 para a Espanha fazer um curso na Universidade de Alcal\u00e1, em Madri.<\/h2>\n<p>&nbsp;<\/p>\n<p>A autoriza\u00e7\u00e3o para o curso, que custar\u00e1 R$ 15.960, al\u00e9m de todas as demais despesas com a viagem, foi publicada na <em>Di\u00e1rio Oficial da Uni\u00e3o<\/em> desta sexta-feira (05\/03). E causou revolta entre os funcion\u00e1rios do INSS. &#8220;Jobson deveria se concentrar em resolver todos os processos, e n\u00e3o viajar agora&#8221;, diz um t\u00e9cnico.<\/p>\n<p>&nbsp;<\/p>\n<blockquote><p><em>DI\u00c1RIO OFICIAL DA UNI\u00c3O<\/em><br \/>\n<em>Publicado em: 05\/03\/2021 | Edi\u00e7\u00e3o: 43 | Se\u00e7\u00e3o: 3 | P\u00e1gina: 48<\/em><\/p>\n<p><em>\u00d3rg\u00e3o: Minist\u00e9rio da Economia\/Instituto Nacional do Seguro Social\/Diretoria de Gest\u00e3o de Pessoas e Administra\u00e7\u00e3o\/Coordena\u00e7\u00e3o-Geral de Licita\u00e7\u00f5es e Contratos<\/em><\/p>\n<p><em>EXTRATO DE CONTRATO<\/em><\/p>\n<p><em>TERMO CONTRATO N\u00ba 2\/2021. N\u00ba PROCESSO: 35014.315464\/2020-03 . Contratante: Instituto Nacional do Seguro Social -INSS, CNPJ 29.979.036\/0908-91. Contratado: ORGANIZACI\u00d3N IBEROAMERICANA DE SEGURIDAD SOCIAL, CNPJ N\u00e3o Tem. Objeto: Contrata\u00e7\u00e3o de curso para participa\u00e7\u00e3o do servidor JOBSON DE PAIVA SILVEIRA SALES, Matr\u00edcula 1.351.625, Diretor de Atendimento, no M\u00e1ster en Direcci\u00f3n y Gesti\u00f3n de Planes y Fondos de Pensiones, junto \u00e0 Organizaci\u00f3n Iberoamericana de Seguridad Social a ser ministrado na Universidad de Alcal\u00e1 &#8211; Madri\/Espanha,do contrato n\u00ba 2\/2021, Fundamento Legal: Inciso II do art. 25, combinado com o inciso VI do art. 13, da Lei 8666\/93 Valor; R$ 15.960,00 (quinze mil, novecentos e sessenta reais). MANUELLA ANDRADE P. DE S. SILVA -Coordenadora-Geral de Licita\u00e7\u00f5es e Contratos &#8211; substituta. Data da assinatura: 22\/01\/2021.<\/em><\/p><\/blockquote>\n<p>&nbsp;<\/p>\n<p>Para integrantes do INSS, \u00e9 um acinte \u00e0 popula\u00e7\u00e3o, que enfrenta s\u00e9rias dificuldades para resolver pend\u00eancias com a Previd\u00eancia, ter o principal executivo da \u00e1rea de atendimento fazer curso na Espanha, sobretudo em meio \u00e0 pandemia do novo coronav\u00edrus&#8221;.<\/p>\n<p>&nbsp;<\/p>\n<p>&#8220;Est\u00e1 tudo errado&#8221;, afirma outro t\u00e9cnico. &#8220;Quem autorizou esse curso deveria ter vergonha. O momento \u00e9 de concentrar esfor\u00e7os para zerar os processos encalhados no INSS. H\u00e1 pessoas que est\u00e3o praticamente sem renda contando com a solu\u00e7\u00e3o de seus processos&#8221;, acrescenta.<\/p>\n<p>&nbsp;<\/p>\n<p><em>Bras\u00edlia, 18h11min<\/em><\/p>\n<p>&nbsp;<\/p>\n","protected":false},"excerpt":{"rendered":"<p>Realmente, trabalhadores e aposentados n\u00e3o s\u00e3o prioridades para o Instituto Nacional do Seguro Social (INSS). Com mais de 1 milh\u00e3o de processos encalhadores, o diretor de Atendimento do \u00f3rg\u00e3o, Jobson de Paiva Silveira Sales, ir\u00e1 para a Espanha fazer um curso na Universidade de Alcal\u00e1, em Madri. &nbsp; A autoriza\u00e7\u00e3o para o curso, que custar\u00e1 [&hellip;]<\/p>\n","protected":false},"author":22,"featured_media":11156,"comment_status":"open","ping_status":"closed","sticky":false,"template":"","format":"standard","meta":{"footnotes":""},"categories":[600],"tags":[589,467,5241,2787],"class_list":["post-17489","post","type-post","status-publish","format-standard","has-post-thumbnail","hentry","category-economia","tag-economia","tag-governo","tag-inss-tem-mais-de-1-milhao-de-processos-parados-e-diretor-vai-fazer-curso-na-espanha","tag-politica"],"_links":{"self":[{"href":"https:\/\/blogs.correiobraziliense.com.br\/vicente\/wp-json\/wp\/v2\/posts\/17489","targetHints":{"allow":["GET"]}}],"collection":[{"href":"https:\/\/blogs.correiobraziliense.com.br\/vicente\/wp-json\/wp\/v2\/posts"}],"about":[{"href":"https:\/\/blogs.correiobraziliense.com.br\/vicente\/wp-json\/wp\/v2\/types\/post"}],"author":[{"embeddable":true,"href":"https:\/\/blogs.correiobraziliense.com.br\/vicente\/wp-json\/wp\/v2\/users\/22"}],"replies":[{"embeddable":true,"href":"https:\/\/blogs.correiobraziliense.com.br\/vicente\/wp-json\/wp\/v2\/comments?post=17489"}],"version-history":[{"count":1,"href":"https:\/\/blogs.correiobraziliense.com.br\/vicente\/wp-json\/wp\/v2\/posts\/17489\/revisions"}],"predecessor-version":[{"id":17490,"href":"https:\/\/blogs.correiobraziliense.com.br\/vicente\/wp-json\/wp\/v2\/posts\/17489\/revisions\/17490"}],"wp:featuredmedia":[{"embeddable":true,"href":"https:\/\/blogs.correiobraziliense.com.br\/vicente\/wp-json\/wp\/v2\/media\/11156"}],"wp:attachment":[{"href":"https:\/\/blogs.correiobraziliense.com.br\/vicente\/wp-json\/wp\/v2\/media?parent=17489"}],"wp:term":[{"taxonomy":"category","embeddable":true,"href":"https:\/\/blogs.correiobraziliense.com.br\/vicente\/wp-json\/wp\/v2\/categories?post=17489"},{"taxonomy":"post_tag","embeddable":true,"href":"https:\/\/blogs.correiobraziliense.com.br\/vicente\/wp-json\/wp\/v2\/tags?post=17489"}],"curies":[{"name":"wp","href":"https:\/\/api.w.org\/{rel}","templated":true}]}}