{"id":17487,"date":"2021-03-05T18:09:57","date_gmt":"2021-03-05T21:09:57","guid":{"rendered":"https:\/\/blogs.correiobraziliense.com.br\/vicente\/?p=17487"},"modified":"2021-03-05T18:10:10","modified_gmt":"2021-03-05T21:10:10","slug":"substituto-de-andre-brandao-no-banco-do-brasil-vendera-alma-a-bolsonaro","status":"publish","type":"post","link":"https:\/\/blogs.correiobraziliense.com.br\/vicente\/substituto-de-andre-brandao-no-banco-do-brasil-vendera-alma-a-bolsonaro\/","title":{"rendered":"Substituto de Andr\u00e9 Brand\u00e3o no Banco do Brasil vender\u00e1 alma a Bolsonaro"},"content":{"rendered":"<h2>A contagem regressiva para a sa\u00edda de Andr\u00e9 Brand\u00e3o da presid\u00eancia do Banco do Brasil j\u00e1 come\u00e7ou. E seu substituto assumir\u00e1 com a alma vendida ao presidente Jair Bolsonaro. Ou seja, far\u00e1 tudo o que o chefe do Executivo quiser para continuar no cargo.<\/h2>\n<p>&nbsp;<\/p>\n<p>H\u00e1 o temor, entre executivos da institui\u00e7\u00e3o e integrantes da equipe econ\u00f4mica, de que o futuro presidente do banco interrompa o programa de reestrutura\u00e7\u00e3o anunciado por Brand\u00e3o e que foi o motivo de seu desentendimento com Bolsonaro.<\/p>\n<p>&nbsp;<\/p>\n<p>T\u00e9cnicos do Banco do Brasil dizem que os dois programas de demiss\u00f5es volunt\u00e1rias, que tiveram ades\u00e3o de mais de 5,5 mil funcion\u00e1rios, est\u00e3o praticamente fechados. Mas o processo de fechamento de pontos de atendimento ainda est\u00e1 no in\u00edcio. Quer dizer, pode ser interrompido.<\/p>\n<p>&nbsp;<\/p>\n<p>A previs\u00e3o do BB \u00e9 de fechar 361 pontos de atendimento, dos quais 112 s\u00e3o ag\u00eancias. Foi esse o item que mais causou estresse entre Bolsonaro e Brand\u00e3o, diante das reclama\u00e7\u00f5es de pol\u00edticos da base do governo contra o encerramento de atividades do banco em cidades de seus currais eleitorais.<\/p>\n<p>&nbsp;<\/p>\n<p>Para Andr\u00e9 Brand\u00e3o, o Banco do Brasil precisa levar adiante seu programa de reestrutura\u00e7\u00e3o para que possa ganhar musculatura a fim de enfrentar, em melhores condi\u00e7\u00f5es, a concorr\u00eancia. O BB est\u00e1 inchado e engessado, caracter\u00edsticas que n\u00e3o se adequam a um mercado banc\u00e1rio cada vez mais digital.<\/p>\n<p>&nbsp;<\/p>\n<p>Portanto, dizem aliados de Brand\u00e3o, qualquer retrocesso no projeto de moderniza\u00e7\u00e3o do Banco do Brasil levar\u00e1 a institui\u00e7\u00e3o a perder mercado. Os principais concorrentes j\u00e1 est\u00e3o muitas voltas \u00e0 frente do BB. &#8220;Dependendo de quem assumir o BB, os problemas v\u00e3o explodir&#8221;, diz um funcion\u00e1rio da institui\u00e7\u00e3o.<\/p>\n<p>&nbsp;<\/p>\n<p>Apesar de muito ressentido com Bolsonaro, o ainda presidente do Banco do Brasil n\u00e3o arredou os p\u00e9s de suas fun\u00e7\u00f5es. Continua trabalhando normalmente. Mas, como j\u00e1 ressaltou a amigos, n\u00e3o v\u00ea a hora de se livrar logo desse fardo.<\/p>\n<p>&nbsp;<\/p>\n<p><em>Bras\u00edlia, 17h01min<\/em><\/p>\n","protected":false},"excerpt":{"rendered":"<p>A contagem regressiva para a sa\u00edda de Andr\u00e9 Brand\u00e3o da presid\u00eancia do Banco do Brasil j\u00e1 come\u00e7ou. E seu substituto assumir\u00e1 com a alma vendida ao presidente Jair Bolsonaro. Ou seja, far\u00e1 tudo o que o chefe do Executivo quiser para continuar no cargo. &nbsp; H\u00e1 o temor, entre executivos da institui\u00e7\u00e3o e integrantes da [&hellip;]<\/p>\n","protected":false},"author":22,"featured_media":11442,"comment_status":"open","ping_status":"closed","sticky":false,"template":"","format":"standard","meta":{"footnotes":""},"categories":[600],"tags":[5239,4943,5240],"class_list":["post-17487","post","type-post","status-publish","format-standard","has-post-thumbnail","hentry","category-economia","tag-economia-negocios","tag-financas","tag-substituto-de-andre-brandao-no-banco-do-brasil-vendera-alma-a-bolsonaro"],"_links":{"self":[{"href":"https:\/\/blogs.correiobraziliense.com.br\/vicente\/wp-json\/wp\/v2\/posts\/17487","targetHints":{"allow":["GET"]}}],"collection":[{"href":"https:\/\/blogs.correiobraziliense.com.br\/vicente\/wp-json\/wp\/v2\/posts"}],"about":[{"href":"https:\/\/blogs.correiobraziliense.com.br\/vicente\/wp-json\/wp\/v2\/types\/post"}],"author":[{"embeddable":true,"href":"https:\/\/blogs.correiobraziliense.com.br\/vicente\/wp-json\/wp\/v2\/users\/22"}],"replies":[{"embeddable":true,"href":"https:\/\/blogs.correiobraziliense.com.br\/vicente\/wp-json\/wp\/v2\/comments?post=17487"}],"version-history":[{"count":1,"href":"https:\/\/blogs.correiobraziliense.com.br\/vicente\/wp-json\/wp\/v2\/posts\/17487\/revisions"}],"predecessor-version":[{"id":17488,"href":"https:\/\/blogs.correiobraziliense.com.br\/vicente\/wp-json\/wp\/v2\/posts\/17487\/revisions\/17488"}],"wp:featuredmedia":[{"embeddable":true,"href":"https:\/\/blogs.correiobraziliense.com.br\/vicente\/wp-json\/wp\/v2\/media\/11442"}],"wp:attachment":[{"href":"https:\/\/blogs.correiobraziliense.com.br\/vicente\/wp-json\/wp\/v2\/media?parent=17487"}],"wp:term":[{"taxonomy":"category","embeddable":true,"href":"https:\/\/blogs.correiobraziliense.com.br\/vicente\/wp-json\/wp\/v2\/categories?post=17487"},{"taxonomy":"post_tag","embeddable":true,"href":"https:\/\/blogs.correiobraziliense.com.br\/vicente\/wp-json\/wp\/v2\/tags?post=17487"}],"curies":[{"name":"wp","href":"https:\/\/api.w.org\/{rel}","templated":true}]}}