{"id":17473,"date":"2021-03-03T18:01:35","date_gmt":"2021-03-03T21:01:35","guid":{"rendered":"https:\/\/blogs.correiobraziliense.com.br\/vicente\/?p=17473"},"modified":"2021-03-04T12:51:01","modified_gmt":"2021-03-04T15:51:01","slug":"caixa-ja-preparou-sistema-para-pagar-novo-auxilio-emergencial-de-r-250","status":"publish","type":"post","link":"https:\/\/blogs.correiobraziliense.com.br\/vicente\/caixa-ja-preparou-sistema-para-pagar-novo-auxilio-emergencial-de-r-250\/","title":{"rendered":"Caixa j\u00e1 preparou sistema para pagar novo aux\u00edlio emergencial de R$ 250"},"content":{"rendered":"<h2>Com a aprova\u00e7\u00e3o da volta do aux\u00edlio emergencial praticamente fechada pelo Senado e pela C\u00e2mara, a Caixa Econ\u00f4mica Federal j\u00e1 atualizou seus sistemas para come\u00e7ar o pagamento dos benef\u00edcios ainda neste m\u00eas de mar\u00e7o.<\/h2>\n<p>&nbsp;<\/p>\n<p>Est\u00e3o previstas quatro parcelas de R$ 250 cada, valor que poder\u00e1 ser ajustado, caso o Congresso e o governo cheguem a um novo acordo. Fala-se, agora, que mulheres chefes de fam\u00edlia podem receber parcelas de R$ 350 e fam\u00edlias com uma pessoa, de R$ 150. Tudo foi preparado para pagar entre 40 milh\u00f5es e 46 milh\u00f5es de pessoas ao custo m\u00e1ximo de R$ 46 bilh\u00f5es.<\/p>\n<p>&nbsp;<\/p>\n<p>A PEC Emergencial que est\u00e1 em vota\u00e7\u00e3o no Congresso e recria o aux\u00edlio emergencial prev\u00ea despesas m\u00e1ximas de R$ 44 bilh\u00f5es, sem passar pelo teto de gastos, mas o governo pode complementar com recursos do Bolsa Fam\u00edlia, j\u00e1 que seus benefici\u00e1rios entrar\u00e3o no programa.<\/p>\n<p>&nbsp;<\/p>\n<p><strong>Mais de 20 milh\u00f5es ficar\u00e3o de fora<\/strong><\/p>\n<p>&nbsp;<\/p>\n<p>A Caixa e o Minist\u00e9rio da Cidadania fizeram um cruzamento de todos os benefici\u00e1rios da primeira leva do aux\u00edlio emergencial. Mais de 20 milh\u00f5es de pessoas foram exclu\u00eddas, como motoristas que t\u00e1xi, que, no ano passado, ficaram sem renda, pois deixaram de rodar, mas voltaram a faturar.<\/p>\n<p>&nbsp;<\/p>\n<p>A disposi\u00e7\u00e3o do governo \u00e9 de pagar a primeira parcela do aux\u00edlio emergencial o mais rapidamente poss\u00edvel, para tentar dar uma amenizada na imagem do presidente Jair Bolsonaro, que vai de mal a pior nesta dram\u00e1tica segunda onda da pandemia do novo coronav\u00edrus.<\/p>\n<p>&nbsp;<\/p>\n<p>N\u00e3o ser\u00e1 surpresa, portanto, se o Pal\u00e1cio do Planalto editar uma Medida Provis\u00f3ria regulamentando o aux\u00edlio emergencial logo depois do aval do Senado, na certeza de que a C\u00e2mara v\u00e1 endossar a medida rapidamente.<\/p>\n<p>&nbsp;<\/p>\n<p><em>Bras\u00edlia, 18h01min<\/em><\/p>\n","protected":false},"excerpt":{"rendered":"<p>Com a aprova\u00e7\u00e3o da volta do aux\u00edlio emergencial praticamente fechada pelo Senado e pela C\u00e2mara, a Caixa Econ\u00f4mica Federal j\u00e1 atualizou seus sistemas para come\u00e7ar o pagamento dos benef\u00edcios ainda neste m\u00eas de mar\u00e7o. &nbsp; Est\u00e3o previstas quatro parcelas de R$ 250 cada, valor que poder\u00e1 ser ajustado, caso o Congresso e o governo cheguem [&hellip;]<\/p>\n","protected":false},"author":22,"featured_media":14173,"comment_status":"open","ping_status":"closed","sticky":false,"template":"","format":"standard","meta":{"footnotes":""},"categories":[600],"tags":[5237,589,4943,2787],"class_list":["post-17473","post","type-post","status-publish","format-standard","has-post-thumbnail","hentry","category-economia","tag-caixa-ja-preparou-sistema-para-pagar-novo-auxilio-emergencial-de-r-250","tag-economia","tag-financas","tag-politica"],"_links":{"self":[{"href":"https:\/\/blogs.correiobraziliense.com.br\/vicente\/wp-json\/wp\/v2\/posts\/17473","targetHints":{"allow":["GET"]}}],"collection":[{"href":"https:\/\/blogs.correiobraziliense.com.br\/vicente\/wp-json\/wp\/v2\/posts"}],"about":[{"href":"https:\/\/blogs.correiobraziliense.com.br\/vicente\/wp-json\/wp\/v2\/types\/post"}],"author":[{"embeddable":true,"href":"https:\/\/blogs.correiobraziliense.com.br\/vicente\/wp-json\/wp\/v2\/users\/22"}],"replies":[{"embeddable":true,"href":"https:\/\/blogs.correiobraziliense.com.br\/vicente\/wp-json\/wp\/v2\/comments?post=17473"}],"version-history":[{"count":7,"href":"https:\/\/blogs.correiobraziliense.com.br\/vicente\/wp-json\/wp\/v2\/posts\/17473\/revisions"}],"predecessor-version":[{"id":17480,"href":"https:\/\/blogs.correiobraziliense.com.br\/vicente\/wp-json\/wp\/v2\/posts\/17473\/revisions\/17480"}],"wp:featuredmedia":[{"embeddable":true,"href":"https:\/\/blogs.correiobraziliense.com.br\/vicente\/wp-json\/wp\/v2\/media\/14173"}],"wp:attachment":[{"href":"https:\/\/blogs.correiobraziliense.com.br\/vicente\/wp-json\/wp\/v2\/media?parent=17473"}],"wp:term":[{"taxonomy":"category","embeddable":true,"href":"https:\/\/blogs.correiobraziliense.com.br\/vicente\/wp-json\/wp\/v2\/categories?post=17473"},{"taxonomy":"post_tag","embeddable":true,"href":"https:\/\/blogs.correiobraziliense.com.br\/vicente\/wp-json\/wp\/v2\/tags?post=17473"}],"curies":[{"name":"wp","href":"https:\/\/api.w.org\/{rel}","templated":true}]}}