{"id":17471,"date":"2021-03-02T20:15:44","date_gmt":"2021-03-02T23:15:44","guid":{"rendered":"https:\/\/blogs.correiobraziliense.com.br\/vicente\/?p=17471"},"modified":"2021-03-02T20:51:56","modified_gmt":"2021-03-02T23:51:56","slug":"brasil-pode-passar-de-2-mil-mortes-diarias-pela-covid-dizem-especialistas","status":"publish","type":"post","link":"https:\/\/blogs.correiobraziliense.com.br\/vicente\/brasil-pode-passar-de-2-mil-mortes-diarias-pela-covid-dizem-especialistas\/","title":{"rendered":"Brasil pode passar de 2 mil mortes di\u00e1rias pela covid, dizem especialistas"},"content":{"rendered":"<h2>Diante do colapso do sistema de sa\u00fade em todos os estados do pa\u00eds, especialistas admitem a possibilidade de o Brasil registrar, nos pr\u00f3ximos dias, mais de 2 mil mortes por dia pela covid-19. O Brasil, dizem, est\u00e1 pagando o pre\u00e7o do negacionismo.<\/h2>\n<p>&nbsp;<\/p>\n<p>Um economista que vivenciou os momentos mais dram\u00e1ticos da pandemia do novo coronav\u00edrus em Nova York, diz que o quadro atual do Brasil remete ao pior do que aconteceu na cidade mais famosa dos Estados Unidos. &#8220;\u00c9 desesperador ver como o Brasil est\u00e1 lidando com a covid&#8221;, frisa.<\/p>\n<p>&nbsp;<\/p>\n<p>Segundo o cons\u00f3rcio de impressa, que coleta dados com as secretarias estaduais, foram registradas, na \u00faltimas 24 horas, 1.726 mortes pela covid no pa\u00eds. \u00c9 o pior resultado desde o in\u00edcio da pandemia. Mas a situa\u00e7\u00e3o tende a se agravar mais.<\/p>\n<p>&nbsp;<\/p>\n<p><strong>Todos os indicadores pioraram<\/strong><\/p>\n<p>&nbsp;<\/p>\n<p>Dados da Fiocruz mostram que o Brasil est\u00e1 apresentando piora em todos os dados referentes \u00e0 doen\u00e7a do pa\u00eds, com o \u00edndice de transmiss\u00e3o do novo coronav\u00edrus fora de controle. No Rio Grande do Sul, a m\u00e9dia m\u00f3vel de mortes aumentou 133% em rela\u00e7\u00e3o \u00e0 de 14 dias atr\u00e1s. Em Santa Catarina, o salto foi de 170%.<\/p>\n<p>&nbsp;<\/p>\n<p>Para especialistas, se o Brasil tivesse tomado as medidas adequadas, preparado um plano de imuniza\u00e7\u00e3o consistente e Uni\u00e3o, estados e munic\u00edpios estivessem unidos, n\u00e3o se teria chegado ao atual quadro de gravidade, em que hospitais est\u00e3o contratando cont\u00eaineres para estocar corpos.<\/p>\n<p>&nbsp;<\/p>\n<p>&#8220;Do ponto de vista econ\u00f4mico, o que posso dizer \u00e9 que o negacionismo brasileiro, do governo federal e de parte da popula\u00e7\u00e3o, contratou um nova recess\u00e3o, mais desemprego e infla\u00e7\u00e3o&#8221;, diz o economista que mora em Nova York. &#8220;A conta, como sempre, recair\u00e1 sobre os mais pobres&#8221;, emenda.<\/p>\n<p>&nbsp;<\/p>\n<p><em>Bras\u00edlia, 20h15min<\/em><\/p>\n","protected":false},"excerpt":{"rendered":"<p>Diante do colapso do sistema de sa\u00fade em todos os estados do pa\u00eds, especialistas admitem a possibilidade de o Brasil registrar, nos pr\u00f3ximos dias, mais de 2 mil mortes por dia pela covid-19. O Brasil, dizem, est\u00e1 pagando o pre\u00e7o do negacionismo. &nbsp; Um economista que vivenciou os momentos mais dram\u00e1ticos da pandemia do novo [&hellip;]<\/p>\n","protected":false},"author":22,"featured_media":13413,"comment_status":"open","ping_status":"closed","sticky":false,"template":"","format":"standard","meta":{"footnotes":""},"categories":[600],"tags":[5236,5020,589,2787,579],"class_list":["post-17471","post","type-post","status-publish","format-standard","has-post-thumbnail","hentry","category-economia","tag-brasil-pode-passar-de-2-mil-mortes-diarias-pela-covid","tag-dizem-especialistas","tag-economia","tag-politica","tag-saude"],"_links":{"self":[{"href":"https:\/\/blogs.correiobraziliense.com.br\/vicente\/wp-json\/wp\/v2\/posts\/17471","targetHints":{"allow":["GET"]}}],"collection":[{"href":"https:\/\/blogs.correiobraziliense.com.br\/vicente\/wp-json\/wp\/v2\/posts"}],"about":[{"href":"https:\/\/blogs.correiobraziliense.com.br\/vicente\/wp-json\/wp\/v2\/types\/post"}],"author":[{"embeddable":true,"href":"https:\/\/blogs.correiobraziliense.com.br\/vicente\/wp-json\/wp\/v2\/users\/22"}],"replies":[{"embeddable":true,"href":"https:\/\/blogs.correiobraziliense.com.br\/vicente\/wp-json\/wp\/v2\/comments?post=17471"}],"version-history":[{"count":1,"href":"https:\/\/blogs.correiobraziliense.com.br\/vicente\/wp-json\/wp\/v2\/posts\/17471\/revisions"}],"predecessor-version":[{"id":17472,"href":"https:\/\/blogs.correiobraziliense.com.br\/vicente\/wp-json\/wp\/v2\/posts\/17471\/revisions\/17472"}],"wp:featuredmedia":[{"embeddable":true,"href":"https:\/\/blogs.correiobraziliense.com.br\/vicente\/wp-json\/wp\/v2\/media\/13413"}],"wp:attachment":[{"href":"https:\/\/blogs.correiobraziliense.com.br\/vicente\/wp-json\/wp\/v2\/media?parent=17471"}],"wp:term":[{"taxonomy":"category","embeddable":true,"href":"https:\/\/blogs.correiobraziliense.com.br\/vicente\/wp-json\/wp\/v2\/categories?post=17471"},{"taxonomy":"post_tag","embeddable":true,"href":"https:\/\/blogs.correiobraziliense.com.br\/vicente\/wp-json\/wp\/v2\/tags?post=17471"}],"curies":[{"name":"wp","href":"https:\/\/api.w.org\/{rel}","templated":true}]}}