{"id":17469,"date":"2021-03-02T16:13:44","date_gmt":"2021-03-02T19:13:44","guid":{"rendered":"https:\/\/blogs.correiobraziliense.com.br\/vicente\/?p=17469"},"modified":"2021-03-02T18:06:48","modified_gmt":"2021-03-02T21:06:48","slug":"bolsonaro-foi-avisado-desde-o-inicio-da-compra-de-mansao-por-flavio","status":"publish","type":"post","link":"https:\/\/blogs.correiobraziliense.com.br\/vicente\/bolsonaro-foi-avisado-desde-o-inicio-da-compra-de-mansao-por-flavio\/","title":{"rendered":"Bolsonaro foi avisado, desde o in\u00edcio, da compra de mans\u00e3o por Fl\u00e1vio"},"content":{"rendered":"<h2>O entorno do presidente Jair Bolsonaro est\u00e1 trabalhando para desvincular dele a compra, pelo senador Fl\u00e1vio Bolsonaro, de uma mans\u00e3o avaliada em R$ 6 milh\u00f5es na regi\u00e3o mais nobre de Bras\u00edlia. Mas pessoas pr\u00f3ximas ao presidente garantem que, desde o in\u00edcio, ele foi avisado sobre o neg\u00f3cio. E deu for\u00e7a ao filho para levar a opera\u00e7\u00e3o adiante.<\/h2>\n<p>&nbsp;<\/p>\n<p>Tamb\u00e9m, desde que Fl\u00e1vio comunicou Bolsonaro sobre a inten\u00e7\u00e3o de comprar a mans\u00e3o, havia a percep\u00e7\u00e3o de que, quando o assunto se tornasse p\u00fablico, &#8220;daria dor de cabe\u00e7a ao governo&#8221;, mas, depois, &#8220;a pol\u00eamica perderia for\u00e7a&#8221;. O importante, no entender da fam\u00edlia Bolsonaro, era que o senador tivesse bons argumentos para confrontar os ataques.<\/p>\n<p>&nbsp;<\/p>\n<p>Fl\u00e1vio, que \u00e9 acusado de lavagem de dinheiro e corrup\u00e7\u00e3o, acusado de cobrar parte dos sal\u00e1rios de assessores quando era deputado na Assembleia Legislativa do Rio de Janeiro, as rachadinhas, tem um hist\u00f3rico de forte liga\u00e7\u00f5es com im\u00f3veis. A mans\u00e3o de R$ 6 milh\u00f5es \u00e9 o 20\u00ba que ele compra \u2014 boa parte j\u00e1 foi vendida.<\/p>\n<p>&nbsp;<\/p>\n<p>O filho 01 de Bolsonaro diz que toda a opera\u00e7\u00e3o \u00e9 legal, que s\u00f3 conseguiu fechar a compra da mans\u00e3o porque conseguiu um financiamento, cujas parcelas v\u00e3o consumir mais da metade de seu sal\u00e1rio como senadores, pr\u00f3ximo de R$ 33 mil mensais brutos. O Banco de Bras\u00edlia (BRB), que financiou a mans\u00e3o, tamb\u00e9m ressalta que o neg\u00f3cio est\u00e1 dentro da lei.<\/p>\n<p>&nbsp;<\/p>\n<p>Pela escritura de compra do im\u00f3vel, dos R$ 6 milh\u00f5es, Fl\u00e1vio financiou R$ 3,1 milh\u00f5es junto ao BRB, para quita\u00e7\u00e3o em 360 meses. As taxas de juros ficaram entre 3,65% e 4,85%, bem abaixo da m\u00e9dia do mercado. A mulher do senador, Fernanda, que \u00e9 dentista, tamb\u00e9m consta como compradora do im\u00f3vel.<\/p>\n<p>&nbsp;<\/p>\n<p>A compra da mans\u00e3o foi revelada na segunda-feira (01\/03) pelo site <em>O Antagonista<\/em>. Segundo o registro da opera\u00e7\u00e3o em cart\u00f3rio, o im\u00f3vel tem 2.400 m\u00b2, est\u00e1 localizado no Setor de Mans\u00f5es Dom Bosco. No documento, aparece como vendedora \u00e9 a RVA Constru\u00e7\u00f5es e Incorpora\u00e7\u00f5es.<\/p>\n<p>&nbsp;<\/p>\n<p><em>Bras\u00edlia, 16h13min<\/em><\/p>\n","protected":false},"excerpt":{"rendered":"<p>O entorno do presidente Jair Bolsonaro est\u00e1 trabalhando para desvincular dele a compra, pelo senador Fl\u00e1vio Bolsonaro, de uma mans\u00e3o avaliada em R$ 6 milh\u00f5es na regi\u00e3o mais nobre de Bras\u00edlia. Mas pessoas pr\u00f3ximas ao presidente garantem que, desde o in\u00edcio, ele foi avisado sobre o neg\u00f3cio. E deu for\u00e7a ao filho para levar a [&hellip;]<\/p>\n","protected":false},"author":22,"featured_media":9785,"comment_status":"open","ping_status":"closed","sticky":false,"template":"","format":"standard","meta":{"footnotes":""},"categories":[600],"tags":[5233,926,5235,5234,2526,2787],"class_list":["post-17469","post","type-post","status-publish","format-standard","has-post-thumbnail","hentry","category-economia","tag-bolsonaro-foi-avisado","tag-brasilia","tag-da-compra-de-mansao-por-flavio","tag-desde-o-inicio","tag-poder","tag-politica"],"_links":{"self":[{"href":"https:\/\/blogs.correiobraziliense.com.br\/vicente\/wp-json\/wp\/v2\/posts\/17469","targetHints":{"allow":["GET"]}}],"collection":[{"href":"https:\/\/blogs.correiobraziliense.com.br\/vicente\/wp-json\/wp\/v2\/posts"}],"about":[{"href":"https:\/\/blogs.correiobraziliense.com.br\/vicente\/wp-json\/wp\/v2\/types\/post"}],"author":[{"embeddable":true,"href":"https:\/\/blogs.correiobraziliense.com.br\/vicente\/wp-json\/wp\/v2\/users\/22"}],"replies":[{"embeddable":true,"href":"https:\/\/blogs.correiobraziliense.com.br\/vicente\/wp-json\/wp\/v2\/comments?post=17469"}],"version-history":[{"count":1,"href":"https:\/\/blogs.correiobraziliense.com.br\/vicente\/wp-json\/wp\/v2\/posts\/17469\/revisions"}],"predecessor-version":[{"id":17470,"href":"https:\/\/blogs.correiobraziliense.com.br\/vicente\/wp-json\/wp\/v2\/posts\/17469\/revisions\/17470"}],"wp:featuredmedia":[{"embeddable":true,"href":"https:\/\/blogs.correiobraziliense.com.br\/vicente\/wp-json\/wp\/v2\/media\/9785"}],"wp:attachment":[{"href":"https:\/\/blogs.correiobraziliense.com.br\/vicente\/wp-json\/wp\/v2\/media?parent=17469"}],"wp:term":[{"taxonomy":"category","embeddable":true,"href":"https:\/\/blogs.correiobraziliense.com.br\/vicente\/wp-json\/wp\/v2\/categories?post=17469"},{"taxonomy":"post_tag","embeddable":true,"href":"https:\/\/blogs.correiobraziliense.com.br\/vicente\/wp-json\/wp\/v2\/tags?post=17469"}],"curies":[{"name":"wp","href":"https:\/\/api.w.org\/{rel}","templated":true}]}}