{"id":17463,"date":"2021-03-01T11:25:31","date_gmt":"2021-03-01T14:25:31","guid":{"rendered":"https:\/\/blogs.correiobraziliense.com.br\/vicente\/?p=17463"},"modified":"2021-03-01T12:07:16","modified_gmt":"2021-03-01T15:07:16","slug":"castello-branco-da-tapa-na-cara-de-bolsonaro-e-reajusta-de-novo-precos-dos-combustiveis","status":"publish","type":"post","link":"https:\/\/blogs.correiobraziliense.com.br\/vicente\/castello-branco-da-tapa-na-cara-de-bolsonaro-e-reajusta-de-novo-precos-dos-combustiveis\/","title":{"rendered":"Castello Branco d\u00e1 tapa na cara de Bolsonaro e reajusta de novo pre\u00e7os dos combust\u00edveis"},"content":{"rendered":"<h2>Ainda no cargo de presidente da Petrobras, Roberto Castello Branco deu um tapa da cara do presidente Jair Bolsonaro ao reajustar novamente os pre\u00e7os dos combust\u00edveis. O executivo foi demitido por Bolsonaro por meio das redes sociais, mas h\u00e1 todo um tr\u00e2mite legal para que ele deixe o cargo. Por isso, deu uma demonstra\u00e7\u00e3o de for\u00e7a e de independ\u00eancia ao presidente da Rep\u00fablica.<\/h2>\n<p>&nbsp;<\/p>\n<p>Nesta segunda-feira (01\/03), a\u00a0Petrobras informou que reajustar\u00e1 os pre\u00e7os da gasolina em 4,8% (R$ 0,12 por litro) nas refinarias, com o valor m\u00e9dio para as distribuidoras passando para R$ 2,60. Esta \u00e9 a quinta alta no ano. Desde janeiro, a gasolina acumula reajuste de 41,3%.<\/p>\n<p>&nbsp;<\/p>\n<p>No caso do diesel, o pre\u00e7o m\u00e9dio nas refinarias subir\u00e1 para R$ 2,71 por litro, com aumento de 5,03% ou de R$ 0,13. \u00c9\u00a0 o quarto aumento no ano, com total acumulado de 34,1%. Esse reajuste deve motivar novas cobran\u00e7as ao governo por parte dos caminhoneiros.<\/p>\n<p>&nbsp;<\/p>\n<p><strong>Decep\u00e7\u00e3o de Castello Branco com Bolsonaro<\/strong><\/p>\n<p>&nbsp;<\/p>\n<p>Castello Branco ficou muito decepcionado com Bolsonaro, para o qual fez forte campanha durante as elei\u00e7\u00f5es presidenciais, acreditando que, se eleito, ele tocaria uma ampla agenda liberal. Dois anos e tr\u00eas meses depois da posse, a agenda n\u00e3o saiu do papel e o presidente da Rep\u00fablica se mostra cada vez maior intervencionista.<\/p>\n<p>&nbsp;<\/p>\n<p>Tanto que demitiu o subordinado por discordar da pol\u00edtica de pre\u00e7os da Petrobras, que acompanha a varia\u00e7\u00e3o das cota\u00e7\u00f5es do petr\u00f3leo no mercado internacional e o sobe e desce do d\u00f3lar. Para Bolsonaro, tal pol\u00edtica prejudica demais os consumidores, por n\u00e3o ter previsibilidade.<\/p>\n<p>&nbsp;<\/p>\n<p>O atual presidente da Petrobras ser\u00e1 substitu\u00eddo pelo general Joaquim Silva e Luna, caso o nome dele seja aprovado pelo Conselho de Administra\u00e7\u00e3o da estatal. O curr\u00edculo de Luna, por\u00e9m, n\u00e3o cumpre uma s\u00e9rie de requisitos previstos no estatuto da petroleira, como, por exemplo, ter experi\u00eancia de pelo menos 10 anos do setor de petr\u00f3leo.<\/p>\n<p>&nbsp;<\/p>\n<p>A expectativa do Pal\u00e1cio do Planalto \u00e9 de que o Conselho de Administra\u00e7\u00e3o da Petrobras &#8220;passe por cima dessas regras&#8221; e cumpra as determina\u00e7\u00f5es do presidente da Rep\u00fablica. Enquanto isso, Castello Branco vai reinando e ainda pode dar novos aumentos para os combust\u00edveis se o petr\u00f3leo e o d\u00f3lar continuarem em alta.<\/p>\n<p>&nbsp;<\/p>\n<p><em>Bras\u00edlia, 11h25min<\/em><\/p>\n<p>&nbsp;<\/p>\n","protected":false},"excerpt":{"rendered":"<p>Ainda no cargo de presidente da Petrobras, Roberto Castello Branco deu um tapa da cara do presidente Jair Bolsonaro ao reajustar novamente os pre\u00e7os dos combust\u00edveis. O executivo foi demitido por Bolsonaro por meio das redes sociais, mas h\u00e1 todo um tr\u00e2mite legal para que ele deixe o cargo. Por isso, deu uma demonstra\u00e7\u00e3o de [&hellip;]<\/p>\n","protected":false},"author":22,"featured_media":13776,"comment_status":"open","ping_status":"closed","sticky":false,"template":"","format":"standard","meta":{"footnotes":""},"categories":[600],"tags":[5230,589,4547,2787],"class_list":["post-17463","post","type-post","status-publish","format-standard","has-post-thumbnail","hentry","category-economia","tag-castello-branco-da-tapa-na-cara-de-bolsonaro-e-reajusta-de-novo-precos-dos-combustiveis","tag-economia","tag-negocios","tag-politica"],"_links":{"self":[{"href":"https:\/\/blogs.correiobraziliense.com.br\/vicente\/wp-json\/wp\/v2\/posts\/17463","targetHints":{"allow":["GET"]}}],"collection":[{"href":"https:\/\/blogs.correiobraziliense.com.br\/vicente\/wp-json\/wp\/v2\/posts"}],"about":[{"href":"https:\/\/blogs.correiobraziliense.com.br\/vicente\/wp-json\/wp\/v2\/types\/post"}],"author":[{"embeddable":true,"href":"https:\/\/blogs.correiobraziliense.com.br\/vicente\/wp-json\/wp\/v2\/users\/22"}],"replies":[{"embeddable":true,"href":"https:\/\/blogs.correiobraziliense.com.br\/vicente\/wp-json\/wp\/v2\/comments?post=17463"}],"version-history":[{"count":1,"href":"https:\/\/blogs.correiobraziliense.com.br\/vicente\/wp-json\/wp\/v2\/posts\/17463\/revisions"}],"predecessor-version":[{"id":17464,"href":"https:\/\/blogs.correiobraziliense.com.br\/vicente\/wp-json\/wp\/v2\/posts\/17463\/revisions\/17464"}],"wp:featuredmedia":[{"embeddable":true,"href":"https:\/\/blogs.correiobraziliense.com.br\/vicente\/wp-json\/wp\/v2\/media\/13776"}],"wp:attachment":[{"href":"https:\/\/blogs.correiobraziliense.com.br\/vicente\/wp-json\/wp\/v2\/media?parent=17463"}],"wp:term":[{"taxonomy":"category","embeddable":true,"href":"https:\/\/blogs.correiobraziliense.com.br\/vicente\/wp-json\/wp\/v2\/categories?post=17463"},{"taxonomy":"post_tag","embeddable":true,"href":"https:\/\/blogs.correiobraziliense.com.br\/vicente\/wp-json\/wp\/v2\/tags?post=17463"}],"curies":[{"name":"wp","href":"https:\/\/api.w.org\/{rel}","templated":true}]}}