{"id":17461,"date":"2021-02-28T22:01:03","date_gmt":"2021-03-01T01:01:03","guid":{"rendered":"https:\/\/blogs.correiobraziliense.com.br\/vicente\/?p=17461"},"modified":"2021-02-28T22:38:05","modified_gmt":"2021-03-01T01:38:05","slug":"mais-uma-baixa-na-equipe-de-guedes-amaro-gomes-deixa-a-sest","status":"publish","type":"post","link":"https:\/\/blogs.correiobraziliense.com.br\/vicente\/mais-uma-baixa-na-equipe-de-guedes-amaro-gomes-deixa-a-sest\/","title":{"rendered":"Mais uma baixa na equipe de Guedes: Amaro Gomes deixa a Sest"},"content":{"rendered":"<h2>A equipe do ministro da Economia, Paulo Guedes, registra mais uma baixa: Amaro Gomes est\u00e1 deixando a Secretaria de Coordena\u00e7\u00e3o e Governan\u00e7a das Empresas Estatais (Sest). Ser\u00e1 substitu\u00eddo por Ricardo Faria. Foi o pr\u00f3prio Amaro que avisou a seus colegas de Esplanada por meio de mensagem pelo WhatsApp.<\/h2>\n<p>&nbsp;<\/p>\n<p>&#8220;Novo Secret\u00e1rio na Sest: Exonerado a pedido, a partir de amanh\u00e3, 1\/mar\u00e7o\/2021, o novo Secret\u00e1rio ser\u00e1 o excelente Ricardo Faria.\u00a0Portanto, n\u00e3o mais utilizarei esse n\u00famero&#8221; . Ricardo Faria j\u00e1 foi adjunto da Sest. Hoje, est\u00e1 no Programa de Parceiras de Investimentos (PPI).<\/p>\n<p>&nbsp;<\/p>\n<p>O comunicado pegou muita gente de surpresa, pois refor\u00e7a o enorme descontentamento da equipe de Guedes com o enterro da agenda liberal que o ministro tanto defendia.<\/p>\n<p>&nbsp;<\/p>\n<p>A Sest \u00e9 respons\u00e1vel por cuidar de todas as estatais do governo federal. Havia uma grande expectativa de privatiza\u00e7\u00e3o de parte dessas empresas, o que n\u00e3o se concretizou e nem vai acontecer.<\/p>\n<p>&nbsp;<\/p>\n<p>Muitos dos que optaram por deixar o governo por total frusta\u00e7\u00e3o com Guedes j\u00e1 o criticam publicamente e atacam o presidente Jair Bolsonaro, que assumiu o populista que sempre foi, mas mascarou durante as elei\u00e7\u00f5es.<\/p>\n<p>&nbsp;<\/p>\n<p><em>Bras\u00edlia, 22h01min<\/em><\/p>\n","protected":false},"excerpt":{"rendered":"<p>A equipe do ministro da Economia, Paulo Guedes, registra mais uma baixa: Amaro Gomes est\u00e1 deixando a Secretaria de Coordena\u00e7\u00e3o e Governan\u00e7a das Empresas Estatais (Sest). Ser\u00e1 substitu\u00eddo por Ricardo Faria. Foi o pr\u00f3prio Amaro que avisou a seus colegas de Esplanada por meio de mensagem pelo WhatsApp. &nbsp; &#8220;Novo Secret\u00e1rio na Sest: Exonerado a [&hellip;]<\/p>\n","protected":false},"author":22,"featured_media":17184,"comment_status":"open","ping_status":"closed","sticky":false,"template":"","format":"standard","meta":{"footnotes":""},"categories":[600],"tags":[589,5229,4547,2787],"class_list":["post-17461","post","type-post","status-publish","format-standard","has-post-thumbnail","hentry","category-economia","tag-economia","tag-mais-uma-baixa-na-equipe-de-guedes-amaro-gomes-deixa-a-sest","tag-negocios","tag-politica"],"_links":{"self":[{"href":"https:\/\/blogs.correiobraziliense.com.br\/vicente\/wp-json\/wp\/v2\/posts\/17461","targetHints":{"allow":["GET"]}}],"collection":[{"href":"https:\/\/blogs.correiobraziliense.com.br\/vicente\/wp-json\/wp\/v2\/posts"}],"about":[{"href":"https:\/\/blogs.correiobraziliense.com.br\/vicente\/wp-json\/wp\/v2\/types\/post"}],"author":[{"embeddable":true,"href":"https:\/\/blogs.correiobraziliense.com.br\/vicente\/wp-json\/wp\/v2\/users\/22"}],"replies":[{"embeddable":true,"href":"https:\/\/blogs.correiobraziliense.com.br\/vicente\/wp-json\/wp\/v2\/comments?post=17461"}],"version-history":[{"count":1,"href":"https:\/\/blogs.correiobraziliense.com.br\/vicente\/wp-json\/wp\/v2\/posts\/17461\/revisions"}],"predecessor-version":[{"id":17462,"href":"https:\/\/blogs.correiobraziliense.com.br\/vicente\/wp-json\/wp\/v2\/posts\/17461\/revisions\/17462"}],"wp:featuredmedia":[{"embeddable":true,"href":"https:\/\/blogs.correiobraziliense.com.br\/vicente\/wp-json\/wp\/v2\/media\/17184"}],"wp:attachment":[{"href":"https:\/\/blogs.correiobraziliense.com.br\/vicente\/wp-json\/wp\/v2\/media?parent=17461"}],"wp:term":[{"taxonomy":"category","embeddable":true,"href":"https:\/\/blogs.correiobraziliense.com.br\/vicente\/wp-json\/wp\/v2\/categories?post=17461"},{"taxonomy":"post_tag","embeddable":true,"href":"https:\/\/blogs.correiobraziliense.com.br\/vicente\/wp-json\/wp\/v2\/tags?post=17461"}],"curies":[{"name":"wp","href":"https:\/\/api.w.org\/{rel}","templated":true}]}}