{"id":17459,"date":"2021-02-28T21:01:22","date_gmt":"2021-03-01T00:01:22","guid":{"rendered":"https:\/\/blogs.correiobraziliense.com.br\/vicente\/?p=17459"},"modified":"2021-02-28T21:38:20","modified_gmt":"2021-03-01T00:38:20","slug":"andre-brandao-quer-pressa-na-sua-substituicao-no-banco-do-brasil","status":"publish","type":"post","link":"https:\/\/blogs.correiobraziliense.com.br\/vicente\/andre-brandao-quer-pressa-na-sua-substituicao-no-banco-do-brasil\/","title":{"rendered":"Andr\u00e9 Brand\u00e3o quer pressa na sua substitui\u00e7\u00e3o no Banco do Brasil"},"content":{"rendered":"<h2>O presidente do Banco do Brasil, Andr\u00e9 Brand\u00e3o, quer pressa na sua substitui\u00e7\u00e3o na presid\u00eancia do Banco do Brasil. Ele disse ao ministro da Economia, Paulo Guedes, que ficaria no cargo at\u00e9 que o governo encontrasse seu sucessor, mas o fardo est\u00e1 pesado demais.<\/h2>\n<p>&nbsp;<\/p>\n<p>Segundo pessoas pr\u00f3ximas a ele, &#8220;acabou o encanto&#8221;. Brand\u00e3o continuar\u00e1 trabalhando, pois n\u00e3o \u00e9 de jogar tudo para o alto, pois tem a dimens\u00e3o de suas responsabilidades, sobretudo com os funcion\u00e1rios do Banco do Brasil, que o receberam com tanto entusiasmo.<\/p>\n<p>&nbsp;<\/p>\n<p>&#8220;Se fosse apenas pelo governo, Brand\u00e3o j\u00e1 tinha saltado fora&#8221;, frisa um interlocutor. O que mais pesou para o presidente do Banco do Brasil colocar o cargo \u00e0 disposi\u00e7\u00e3o de Jair Bolsonaro foi a enorme dist\u00e2ncia de vis\u00e3o entre os dois sobre qual deve ser o papel do BB.<\/p>\n<p>&nbsp;<\/p>\n<p><strong>Agenda complicada<\/strong><\/p>\n<p>&nbsp;<\/p>\n<p>Quando Guedes e o presidente do Banco Central, Roberto Campos Neto, o convidaram para o cargo, encomendaram uma agenda complicada, de enxugamento, moderniza\u00e7\u00e3o e de um choque de tecnologia no Banco do Brasil. Foi o que colocou em pr\u00e1tica assim que assumiu o comando da institui\u00e7\u00e3o.<\/p>\n<p>&nbsp;<\/p>\n<p>&#8220;\u00c9 uma agenda que nenhum dos presidentes anteriores do Banco do Brasil teve coragem de tocar. O Rubem Novaes n\u00e3o fechou nenhuma ag\u00eancia, sob a alega\u00e7\u00e3o de que a pol\u00edtica n\u00e3o deixava. O (Paulo Rog\u00e9rio) Caffarelli fechou pontos de atendimento, mas mantinha sempre um em funcionamento em cada cidade, mesmo que deficit\u00e1rio e sem raz\u00e3o de existir&#8221;, conta um amigo de Brand\u00e3o.<\/p>\n<p>&nbsp;<\/p>\n<p>O problema \u00e9 que, ao anunciar o plano de reestrutura\u00e7\u00e3o do BB, com mais de 5 mil demiss\u00f5es volunt\u00e1rias e fechamento de ag\u00eancias, veio a rea\u00e7\u00e3o pol\u00edtica, com amea\u00e7as de Bolsonaro. Brand\u00e3o se viu sozinho. Nenhuma autoridade do governo o defendeu publicamente, nem mesmo aqueles que o convenceram a se juntar \u00e0 equipe econ\u00f4mica.<\/p>\n<p>&nbsp;<\/p>\n<p><strong>Mauro Ribeiro Neto na frente<\/strong><\/p>\n<p>&nbsp;<\/p>\n<p>\u00c9 poss\u00edvel que, diante do forte descontentamento de Andr\u00e9 Brand\u00e3o, o governo anuncie ainda nesta semana o nome de seu sucessor. Nas \u00faltimas horas, ganhou for\u00e7a a indica\u00e7\u00e3o de Mauro Ribeiro Neto, vice-presidente Corporativo do Banco do Brasil, visto como uma solu\u00e7\u00e3o caseira, mais palat\u00e1vel ao mercado.<\/p>\n<p>&nbsp;<\/p>\n<p>Perderam for\u00e7a as indica\u00e7\u00f5es de\u00a0Paulo Henrique Costa, atual presidente do Banco de Bras\u00edlia (BRB), apadrinhado pelo governador do Distrito Federal, Ibaneis Rocha, agora visto como desafeto pelo Pal\u00e1cio do Planalto, por ter decretado lockdown na capital do pa\u00eds; de Ant\u00f4nio Barreto, secret\u00e1rio-executivo do Minist\u00e9rio da Cidadania; e de Gustavo Montezano, presidente do Banco Nacional de Desenvolvimento Econ\u00f4mico e Social (BNDES) e amigo dos filhos de Bolsonaro.<\/p>\n<p>&nbsp;<\/p>\n<p><em>Bras\u00edlia, 21h01min<\/em><\/p>\n","protected":false},"excerpt":{"rendered":"<p>O presidente do Banco do Brasil, Andr\u00e9 Brand\u00e3o, quer pressa na sua substitui\u00e7\u00e3o na presid\u00eancia do Banco do Brasil. Ele disse ao ministro da Economia, Paulo Guedes, que ficaria no cargo at\u00e9 que o governo encontrasse seu sucessor, mas o fardo est\u00e1 pesado demais. &nbsp; Segundo pessoas pr\u00f3ximas a ele, &#8220;acabou o encanto&#8221;. Brand\u00e3o continuar\u00e1 [&hellip;]<\/p>\n","protected":false},"author":22,"featured_media":17175,"comment_status":"open","ping_status":"closed","sticky":false,"template":"","format":"standard","meta":{"footnotes":""},"categories":[600],"tags":[5228,589,4943,4547,2787],"class_list":["post-17459","post","type-post","status-publish","format-standard","has-post-thumbnail","hentry","category-economia","tag-andre-brandao-quer-pressa-na-sua-substituicao-no-banco-do-brasil","tag-economia","tag-financas","tag-negocios","tag-politica"],"_links":{"self":[{"href":"https:\/\/blogs.correiobraziliense.com.br\/vicente\/wp-json\/wp\/v2\/posts\/17459","targetHints":{"allow":["GET"]}}],"collection":[{"href":"https:\/\/blogs.correiobraziliense.com.br\/vicente\/wp-json\/wp\/v2\/posts"}],"about":[{"href":"https:\/\/blogs.correiobraziliense.com.br\/vicente\/wp-json\/wp\/v2\/types\/post"}],"author":[{"embeddable":true,"href":"https:\/\/blogs.correiobraziliense.com.br\/vicente\/wp-json\/wp\/v2\/users\/22"}],"replies":[{"embeddable":true,"href":"https:\/\/blogs.correiobraziliense.com.br\/vicente\/wp-json\/wp\/v2\/comments?post=17459"}],"version-history":[{"count":1,"href":"https:\/\/blogs.correiobraziliense.com.br\/vicente\/wp-json\/wp\/v2\/posts\/17459\/revisions"}],"predecessor-version":[{"id":17460,"href":"https:\/\/blogs.correiobraziliense.com.br\/vicente\/wp-json\/wp\/v2\/posts\/17459\/revisions\/17460"}],"wp:featuredmedia":[{"embeddable":true,"href":"https:\/\/blogs.correiobraziliense.com.br\/vicente\/wp-json\/wp\/v2\/media\/17175"}],"wp:attachment":[{"href":"https:\/\/blogs.correiobraziliense.com.br\/vicente\/wp-json\/wp\/v2\/media?parent=17459"}],"wp:term":[{"taxonomy":"category","embeddable":true,"href":"https:\/\/blogs.correiobraziliense.com.br\/vicente\/wp-json\/wp\/v2\/categories?post=17459"},{"taxonomy":"post_tag","embeddable":true,"href":"https:\/\/blogs.correiobraziliense.com.br\/vicente\/wp-json\/wp\/v2\/tags?post=17459"}],"curies":[{"name":"wp","href":"https:\/\/api.w.org\/{rel}","templated":true}]}}