{"id":17442,"date":"2021-02-27T15:20:30","date_gmt":"2021-02-27T18:20:30","guid":{"rendered":"https:\/\/blogs.correiobraziliense.com.br\/vicente\/?p=17442"},"modified":"2021-02-27T18:36:46","modified_gmt":"2021-02-27T21:36:46","slug":"ja-vai-tarde-dizem-assessores-de-bolsonaro-sobre-presidente-do-banco-do-brasil","status":"publish","type":"post","link":"https:\/\/blogs.correiobraziliense.com.br\/vicente\/ja-vai-tarde-dizem-assessores-de-bolsonaro-sobre-presidente-do-banco-do-brasil\/","title":{"rendered":"&#8220;J\u00e1 vai tarde&#8221;, dizem assessores de Bolsonaro sobre presidente do Banco do Brasil"},"content":{"rendered":"<h2>Agora que o desejo do presidente do Banco do Brasil, Andr\u00e9 Brand\u00e3o, de deixar o cargo se tornou p\u00fablico, assessores do presidente Jair Bolsonaro dizem em c\u00f4ro: &#8220;J\u00e1 vai tarde&#8221;.<\/h2>\n<p>&nbsp;<\/p>\n<p>A ideia do Pal\u00e1cio do Planalto era &#8220;cozinh\u00e1-lo&#8221; um pouco mais no cargo, at\u00e9 que baixasse a poeira em torno da demiss\u00e3o de Roberto Castello Branco da presid\u00eancia da Petrobras. &#8220;Mas, como Brand\u00e3o antecipou o processo, que saia logo&#8221;, diz um dos assessores.<\/p>\n<p>&nbsp;<\/p>\n<p>Os integrantes do Planalto ressaltam, ainda, que &#8220;Bolsonaro nunca gostou muito de Brand\u00e3o&#8221;. Na verdade, o presidente fez uma concess\u00e3o ao ministro da Economia, Paulo Guedes, e, sobretudo, ao presidente do Banco Central, Roberto Campos Neto, que havia indicado o executivo para o BB.<\/p>\n<p>&nbsp;<\/p>\n<p><b>Bolsonaro e Brand\u00e3o: sem afinidades<\/b><\/p>\n<p>&nbsp;<\/p>\n<p>No que dependesse de Bolsonaro, Brand\u00e3o j\u00e1 teria sido demitido em janeiro, quando o presidente da Rep\u00fablica se mostrou contrariado com os planos de demiss\u00e3o volunt\u00e1ria (PDVs) e com o programa de fechamento de 361 pontos de atendimento, sendo 112 ag\u00eancias, do Banco do Brasil. O projeto de reestrutura\u00e7\u00e3o causou desgastes pol\u00edticos ao governo.<\/p>\n<p>&nbsp;<\/p>\n<p>&#8220;Brand\u00e3o s\u00f3 ficou no cargo devido aos apelos de Guedes e de Campos Neto&#8221;, ressalta outro assessor de Bolsonaro. &#8220;Os mais atentos perceberam que, depois daquele epis\u00f3dio, o presidente da Rep\u00fablica nunca fez nenhum gesto para fortalecer Brand\u00e3o. Ou seja, n\u00e3o h\u00e1 afinidades entre eles&#8221;, acrescenta.<\/p>\n<p>&nbsp;<\/p>\n<p><a href=\"https:\/\/blogs.correiobraziliense.com.br\/vicente\/sem-estomago-para-brasilia-diz-andre-brandao-a-amigos\/\">Essa falta de apoio p\u00fablico de Bolsonaro sempre incomodou Brand\u00e3o<\/a>. A amigos, o executivo diz que se sente desprestigiado e sem apoio. N\u00e3o por acaso, o clima no Banco do Brasil nunca mais foi o mesmo depois das amea\u00e7as de Bolsonaro.<\/p>\n<p>&nbsp;<\/p>\n<p>Agora, o Planalto corre para definir o substituto de Brand\u00e3o ainda na segunda-feira (1 de mar\u00e7o), se poss\u00edvel. Nomes n\u00e3o faltam: Paulo Henrique Costa, atual presidente do Banco de Bras\u00edlia (BRB); Ant\u00f4nio Barreto, secret\u00e1rio-executivo do Minist\u00e9rio da Cidadania; Gustavo Montezano, presidente do BNDES e amigo dos filhos de Bolsonaro; e Mauro Ribeiro Neto, vice-presidente Corporativo do BB.<\/p>\n<p>&nbsp;<\/p>\n<p>A briga pelo comando do Banco do Brasil \u00e9 grande. Bras\u00edlia est\u00e1 em polvorosa com o assunto.<\/p>\n<p>&nbsp;<\/p>\n<p>Bras\u00edlia, 15h20min<\/p>\n","protected":false},"excerpt":{"rendered":"<p>Agora que o desejo do presidente do Banco do Brasil, Andr\u00e9 Brand\u00e3o, de deixar o cargo se tornou p\u00fablico, assessores do presidente Jair Bolsonaro dizem em c\u00f4ro: &#8220;J\u00e1 vai tarde&#8221;. &nbsp; A ideia do Pal\u00e1cio do Planalto era &#8220;cozinh\u00e1-lo&#8221; um pouco mais no cargo, at\u00e9 que baixasse a poeira em torno da demiss\u00e3o de Roberto [&hellip;]<\/p>\n","protected":false},"author":22,"featured_media":16001,"comment_status":"open","ping_status":"closed","sticky":false,"template":"","format":"standard","meta":{"footnotes":""},"categories":[600],"tags":[5224,589,4943,5223,4547,2787],"class_list":["post-17442","post","type-post","status-publish","format-standard","has-post-thumbnail","hentry","category-economia","tag-dizem-assessores-de-bolsonaro-sobre-presidente-do-banco-do-brasil","tag-economia","tag-financas","tag-ja-vai-tarde","tag-negocios","tag-politica"],"_links":{"self":[{"href":"https:\/\/blogs.correiobraziliense.com.br\/vicente\/wp-json\/wp\/v2\/posts\/17442","targetHints":{"allow":["GET"]}}],"collection":[{"href":"https:\/\/blogs.correiobraziliense.com.br\/vicente\/wp-json\/wp\/v2\/posts"}],"about":[{"href":"https:\/\/blogs.correiobraziliense.com.br\/vicente\/wp-json\/wp\/v2\/types\/post"}],"author":[{"embeddable":true,"href":"https:\/\/blogs.correiobraziliense.com.br\/vicente\/wp-json\/wp\/v2\/users\/22"}],"replies":[{"embeddable":true,"href":"https:\/\/blogs.correiobraziliense.com.br\/vicente\/wp-json\/wp\/v2\/comments?post=17442"}],"version-history":[{"count":6,"href":"https:\/\/blogs.correiobraziliense.com.br\/vicente\/wp-json\/wp\/v2\/posts\/17442\/revisions"}],"predecessor-version":[{"id":17453,"href":"https:\/\/blogs.correiobraziliense.com.br\/vicente\/wp-json\/wp\/v2\/posts\/17442\/revisions\/17453"}],"wp:featuredmedia":[{"embeddable":true,"href":"https:\/\/blogs.correiobraziliense.com.br\/vicente\/wp-json\/wp\/v2\/media\/16001"}],"wp:attachment":[{"href":"https:\/\/blogs.correiobraziliense.com.br\/vicente\/wp-json\/wp\/v2\/media?parent=17442"}],"wp:term":[{"taxonomy":"category","embeddable":true,"href":"https:\/\/blogs.correiobraziliense.com.br\/vicente\/wp-json\/wp\/v2\/categories?post=17442"},{"taxonomy":"post_tag","embeddable":true,"href":"https:\/\/blogs.correiobraziliense.com.br\/vicente\/wp-json\/wp\/v2\/tags?post=17442"}],"curies":[{"name":"wp","href":"https:\/\/api.w.org\/{rel}","templated":true}]}}