{"id":17440,"date":"2021-02-25T18:01:06","date_gmt":"2021-02-25T21:01:06","guid":{"rendered":"https:\/\/blogs.correiobraziliense.com.br\/vicente\/?p=17440"},"modified":"2021-02-25T19:17:29","modified_gmt":"2021-02-25T22:17:29","slug":"pressao-sobre-o-dolar-pode-levar-bc-a-subir-juros-para-275-ao-ano","status":"publish","type":"post","link":"https:\/\/blogs.correiobraziliense.com.br\/vicente\/pressao-sobre-o-dolar-pode-levar-bc-a-subir-juros-para-275-ao-ano\/","title":{"rendered":"Press\u00e3o sobre o d\u00f3lar pode levar BC a subir juros para 2,75% ao ano"},"content":{"rendered":"<h2>O clima est\u00e1 pesado no Banco Central. Mesmo tendo feito duas interven\u00e7\u00f5es no mercado de c\u00e2mbio nesta quinta-feira (25\/02), queimando US$ 1,5 bilh\u00e3o das reservas internacionais do pa\u00eds, o d\u00f3lar se manteve em disparada e encerrou os neg\u00f3cios cotado a R$ 5,513 para venda, com alta de 1,70%.<\/h2>\n<p>&nbsp;<\/p>\n<p>Com a moeda norte-americana se mantendo acima do n\u00edvel psicol\u00f3gico de R$ 5,50, integrantes do governo e do mercado financeiro j\u00e1 admitem a possibilidade de o BC ser obrigado a pesar a m\u00e3o na taxa b\u00e1sica de juros (Selic) e aument\u00e1-la em 0,75 ponto percentual, para 2,75% ao ano, na pr\u00f3xima reuni\u00e3o do Comit\u00ea de Pol\u00edtica Monet\u00e1ria (Copom), nos dias 16 e 17 de mar\u00e7o.<\/p>\n<p>&nbsp;<\/p>\n<p>H\u00e1 um componente pol\u00edtico importante nesta quest\u00e3o: o d\u00f3lar em disparada, combinado com a alta das cota\u00e7\u00f5es do petr\u00f3leo no mercado internacional, pressiona por mais aumento nos pre\u00e7os dos combust\u00edveis, tema que levou o presidente Jair Bolsonaro a demitir o presidente da Petrobras, Roberto Castello Branco.<\/p>\n<p>&nbsp;<\/p>\n<p>Entre integrantes da equipe econ\u00f4mica que t\u00eam ju\u00edzo, a vis\u00e3o \u00e9 a de que uma eleva\u00e7\u00e3o mais forte do d\u00f3lar diminuir\u00e1 as distor\u00e7\u00f5es nos juros, que est\u00e3o cada vez mais negativos por causa do aumento da infla\u00e7\u00e3o. Uma Selic a 2,75% em mar\u00e7o j\u00e1 seria suficiente para acalmar os \u00e2nimos dos investidores, que veriam um BC ativo.<\/p>\n<p>&nbsp;<\/p>\n<p><strong>Tudo joga contra o pa\u00eds<\/strong><\/p>\n<p>&nbsp;<\/p>\n<p>At\u00e9 o in\u00edcio desta semana, as discuss\u00f5es dentro do governo e no mercado eram se a Selic subiria 0,25 ou 0,50 ponto. Agora, o debate migra para alta entre 0,50 e 0,75 ponto. A mudan\u00e7a de percep\u00e7\u00e3o mudou depois do estrago feito por Bolsonaro ao intervir na Petrobras.<\/p>\n<p>&nbsp;<\/p>\n<p>H\u00e1 uma conjuntura perversa jogando contra o governo e que vai enlouquecer Bolsonaro: possibilidade de recess\u00e3o econ\u00f4mica no primeiro semestre, d\u00f3lar e infla\u00e7\u00e3o apontando para cima, juros tamb\u00e9m aumentando, confian\u00e7a do consumidor em baixa, contas p\u00fablicas em frangalhos e pandemia descontrolada.<\/p>\n<p>&nbsp;<\/p>\n<p>Algu\u00e9m do governo ter\u00e1 de fazer algo para tentar conter os nervos dos agentes econ\u00f4micos, e isso passa pelo Banco Central, agora, com autonomia formal. Melhor do que a autoridade monet\u00e1ria ficar queimando reservas internacionais e o d\u00f3lar apontando para os R$ 6 \u00e9 empurrar a fatura para os juros, que, mesmo em 2,75% ao ano, continuar\u00e3o pr\u00f3ximos dos n\u00edveis mais baixos da hist\u00f3ria.<\/p>\n<p>&nbsp;<\/p>\n<p>Os pr\u00f3ximos dias ser\u00e3o determinantes para o Banco Central, que precisa dar um reposta r\u00e1pida ao quadro dram\u00e1tico que se desenhou.<\/p>\n<p>&nbsp;<\/p>\n<p><em>Bras\u00edlia, 18h01min<\/em><\/p>\n","protected":false},"excerpt":{"rendered":"<p>O clima est\u00e1 pesado no Banco Central. Mesmo tendo feito duas interven\u00e7\u00f5es no mercado de c\u00e2mbio nesta quinta-feira (25\/02), queimando US$ 1,5 bilh\u00e3o das reservas internacionais do pa\u00eds, o d\u00f3lar se manteve em disparada e encerrou os neg\u00f3cios cotado a R$ 5,513 para venda, com alta de 1,70%. &nbsp; Com a moeda norte-americana se mantendo [&hellip;]<\/p>\n","protected":false},"author":22,"featured_media":10314,"comment_status":"open","ping_status":"closed","sticky":false,"template":"","format":"standard","meta":{"footnotes":""},"categories":[600],"tags":[5222,926,589,4943,2787,5221],"class_list":["post-17440","post","type-post","status-publish","format-standard","has-post-thumbnail","hentry","category-economia","tag-75-ao-ano","tag-brasilia","tag-economia","tag-financas","tag-politica","tag-pressao-sobre-o-dolar-pode-levar-bc-a-subir-juros-para-2"],"_links":{"self":[{"href":"https:\/\/blogs.correiobraziliense.com.br\/vicente\/wp-json\/wp\/v2\/posts\/17440","targetHints":{"allow":["GET"]}}],"collection":[{"href":"https:\/\/blogs.correiobraziliense.com.br\/vicente\/wp-json\/wp\/v2\/posts"}],"about":[{"href":"https:\/\/blogs.correiobraziliense.com.br\/vicente\/wp-json\/wp\/v2\/types\/post"}],"author":[{"embeddable":true,"href":"https:\/\/blogs.correiobraziliense.com.br\/vicente\/wp-json\/wp\/v2\/users\/22"}],"replies":[{"embeddable":true,"href":"https:\/\/blogs.correiobraziliense.com.br\/vicente\/wp-json\/wp\/v2\/comments?post=17440"}],"version-history":[{"count":1,"href":"https:\/\/blogs.correiobraziliense.com.br\/vicente\/wp-json\/wp\/v2\/posts\/17440\/revisions"}],"predecessor-version":[{"id":17441,"href":"https:\/\/blogs.correiobraziliense.com.br\/vicente\/wp-json\/wp\/v2\/posts\/17440\/revisions\/17441"}],"wp:featuredmedia":[{"embeddable":true,"href":"https:\/\/blogs.correiobraziliense.com.br\/vicente\/wp-json\/wp\/v2\/media\/10314"}],"wp:attachment":[{"href":"https:\/\/blogs.correiobraziliense.com.br\/vicente\/wp-json\/wp\/v2\/media?parent=17440"}],"wp:term":[{"taxonomy":"category","embeddable":true,"href":"https:\/\/blogs.correiobraziliense.com.br\/vicente\/wp-json\/wp\/v2\/categories?post=17440"},{"taxonomy":"post_tag","embeddable":true,"href":"https:\/\/blogs.correiobraziliense.com.br\/vicente\/wp-json\/wp\/v2\/tags?post=17440"}],"curies":[{"name":"wp","href":"https:\/\/api.w.org\/{rel}","templated":true}]}}