{"id":17432,"date":"2021-02-24T17:15:31","date_gmt":"2021-02-24T20:15:31","guid":{"rendered":"https:\/\/blogs.correiobraziliense.com.br\/vicente\/?p=17432"},"modified":"2021-02-24T18:08:18","modified_gmt":"2021-02-24T21:08:18","slug":"senado-prepara-derrota-monumental-para-paulo-guedes","status":"publish","type":"post","link":"https:\/\/blogs.correiobraziliense.com.br\/vicente\/senado-prepara-derrota-monumental-para-paulo-guedes\/","title":{"rendered":"Senado prepara derrota monumental para Paulo Guedes"},"content":{"rendered":"<h2>O presidente do Senado, Rodrigo Pacheco, deu um claro sinal de que os senadores preparam uma derrota monumental para o ministro da Economia, Paulo Guedes. Pelo andar da carruagem, o Senado votar\u00e1 apenas um ponto da Proposta de Emenda \u00e0 Constitui\u00e7\u00e3o (PEC) Emergencial: a volta do aux\u00edlio emergencial. Deixar\u00e1 no limbo todas as contrapartidas para o ajuste fiscal.<\/h2>\n<p>&nbsp;<\/p>\n<p>Todos os pontos da PEC Emergencial, que foi bastante enxugada, foram negociado com o ministro da Economia. Para ele, \u00e9 fundamental que o Congresso d\u00ea um novo marco fiscal como contrapartida \u00e0 recria\u00e7\u00e3o do aux\u00edlio emergencial, cujas despesas ficar\u00e3o de fora do teto de gastos e levar\u00e3o o governo a mais endividamento.<\/p>\n<p>&nbsp;<\/p>\n<p>&#8220;N\u00e3o avaliamos isso ainda, mas, eventualmente, pode ser uma possibilidade&#8221;, diz Pacheco, sobre a a vota\u00e7\u00e3o, pelo Senado, apenas do ponto que trata do aux\u00edlio. Segundo a equipe econ\u00f4mica, o benef\u00edcio ser\u00e1 pago em quatro parcelas, entre mar\u00e7o e junho, num valor de at\u00e9 R$ 250.<\/p>\n<p>&nbsp;<\/p>\n<p>A perspectiva do governo era de que a PEC Emergencial como um todo \u2014 inclusive com seu ponto mais pol\u00eamico, o que desvincula as verbas de sa\u00fade e educa\u00e7\u00e3o \u2014 fosse votada nesta quinta-feira (25\/02), em dois turnos. Agora, j\u00e1 se fala em avalia\u00e7\u00e3o pelos senadores na ter\u00e7a-feira (02\/03).<\/p>\n<p>&nbsp;<\/p>\n<p>Ao se ver diante de um derrota iminente, o Minist\u00e9rio da Economia colocou seus t\u00e9cnicos em campo para tentar conter a press\u00e3o pelo fatiamento da PEC Emergencial. Al\u00e9m de conversar com Rodrigo Pacheco, Guedes procurou o presidente da C\u00e2mara, Arthur Lira, que \u00e9 um defensor ferrenho da desvincula\u00e7\u00e3o do Or\u00e7amento.<\/p>\n<p>&nbsp;<\/p>\n<p>Lira prometeu ajudar Guedes e avisou que a C\u00e2mara pode n\u00e3o votar a PEC caso os senadores aprovarem s\u00f3 o aux\u00edlio emergencial, t\u00e3o esperado pela popula\u00e7\u00e3o mais vulner\u00e1vel. Mas a resist\u00eancia \u00e0 proposta n\u00e3o se resume ao Senado. Tamb\u00e9m os deputados est\u00e3o, em maioria, avessos a colocar em risco as verbas para a sa\u00fade e a educa\u00e7\u00e3o.<\/p>\n<p>&nbsp;<\/p>\n<p><em>Bras\u00edlia, 17h15min<\/em><\/p>\n","protected":false},"excerpt":{"rendered":"<p>O presidente do Senado, Rodrigo Pacheco, deu um claro sinal de que os senadores preparam uma derrota monumental para o ministro da Economia, Paulo Guedes. Pelo andar da carruagem, o Senado votar\u00e1 apenas um ponto da Proposta de Emenda \u00e0 Constitui\u00e7\u00e3o (PEC) Emergencial: a volta do aux\u00edlio emergencial. Deixar\u00e1 no limbo todas as contrapartidas para [&hellip;]<\/p>\n","protected":false},"author":22,"featured_media":15307,"comment_status":"open","ping_status":"closed","sticky":false,"template":"","format":"standard","meta":{"footnotes":""},"categories":[600],"tags":[926,438,2526,2498,5216],"class_list":["post-17432","post","type-post","status-publish","format-standard","has-post-thumbnail","hentry","category-economia","tag-brasilia","tag-legislativo","tag-poder","tag-policia","tag-senado-prepara-derrota-monumental-para-paulo-guedes"],"_links":{"self":[{"href":"https:\/\/blogs.correiobraziliense.com.br\/vicente\/wp-json\/wp\/v2\/posts\/17432","targetHints":{"allow":["GET"]}}],"collection":[{"href":"https:\/\/blogs.correiobraziliense.com.br\/vicente\/wp-json\/wp\/v2\/posts"}],"about":[{"href":"https:\/\/blogs.correiobraziliense.com.br\/vicente\/wp-json\/wp\/v2\/types\/post"}],"author":[{"embeddable":true,"href":"https:\/\/blogs.correiobraziliense.com.br\/vicente\/wp-json\/wp\/v2\/users\/22"}],"replies":[{"embeddable":true,"href":"https:\/\/blogs.correiobraziliense.com.br\/vicente\/wp-json\/wp\/v2\/comments?post=17432"}],"version-history":[{"count":1,"href":"https:\/\/blogs.correiobraziliense.com.br\/vicente\/wp-json\/wp\/v2\/posts\/17432\/revisions"}],"predecessor-version":[{"id":17433,"href":"https:\/\/blogs.correiobraziliense.com.br\/vicente\/wp-json\/wp\/v2\/posts\/17432\/revisions\/17433"}],"wp:featuredmedia":[{"embeddable":true,"href":"https:\/\/blogs.correiobraziliense.com.br\/vicente\/wp-json\/wp\/v2\/media\/15307"}],"wp:attachment":[{"href":"https:\/\/blogs.correiobraziliense.com.br\/vicente\/wp-json\/wp\/v2\/media?parent=17432"}],"wp:term":[{"taxonomy":"category","embeddable":true,"href":"https:\/\/blogs.correiobraziliense.com.br\/vicente\/wp-json\/wp\/v2\/categories?post=17432"},{"taxonomy":"post_tag","embeddable":true,"href":"https:\/\/blogs.correiobraziliense.com.br\/vicente\/wp-json\/wp\/v2\/tags?post=17432"}],"curies":[{"name":"wp","href":"https:\/\/api.w.org\/{rel}","templated":true}]}}