{"id":17430,"date":"2021-02-23T18:01:06","date_gmt":"2021-02-23T21:01:06","guid":{"rendered":"https:\/\/blogs.correiobraziliense.com.br\/vicente\/?p=17430"},"modified":"2021-02-23T19:01:51","modified_gmt":"2021-02-23T22:01:51","slug":"resposta-da-equipe-economica-a-bolsonaro-sera-aumento-dos-juros","status":"publish","type":"post","link":"https:\/\/blogs.correiobraziliense.com.br\/vicente\/resposta-da-equipe-economica-a-bolsonaro-sera-aumento-dos-juros\/","title":{"rendered":"Resposta da equipe econ\u00f4mica a Bolsonaro ser\u00e1 aumento dos juros"},"content":{"rendered":"<h2>T\u00e9cnicos muito conceituados do governo est\u00e3o convencidos de que \u00e9 preciso dar boas respostas aos agentes de mercado sobre os compromissos com a pol\u00edtica econ\u00f4mica, depois de todos os estragos provocados pelo presidente Jair Bolsonaro na imagem do pa\u00eds, ao intervir na Petrobras.<\/h2>\n<p>&nbsp;<\/p>\n<p>E uma das respostas vir\u00e1 do Banco Central, por meio do aumento da taxa b\u00e1sica de juros (Selic), que est\u00e1 em 2% ao ano, o n\u00edvel mais baixo da hist\u00f3ria. S\u00e3o grandes as chances de a Selic subir j\u00e1 na reuni\u00e3o de mar\u00e7o do Comit\u00ea de Pol\u00edtica Monet\u00e1ria (Copom).<\/p>\n<p>&nbsp;<\/p>\n<p>Ser\u00e1, no entanto, um processo lento e gradual, pois os diretores do BC reconhecem que a atividade econ\u00f4mica perdeu for\u00e7a neste in\u00edcio de ano e a segunda onda da covid-19 est\u00e1 se mostrando pior do que o imaginado. O problema \u00e9 que as incertezas criadas pelo governo e as proje\u00e7\u00f5es de infla\u00e7\u00e3o acima da meta merecem uma resposta para manter as expectativas sob controle.<\/p>\n<p>&nbsp;<\/p>\n<p><strong>Volatilidade do d\u00f3lar<\/strong><\/p>\n<p>&nbsp;<\/p>\n<p>H\u00e1, ainda, a necessidade de se conter a forte volatilidade do c\u00e2mbio, que est\u00e1 pressionando os pre\u00e7os de v\u00e1rios produtos, inclusive, dos combust\u00edveis, que entraram com tudo no modelito escancaradamente populista assumido por Bolsonaro. O presidente quer baixar os valores nas bombas a qualquer custo.<\/p>\n<p>&nbsp;<\/p>\n<p>Entre os t\u00e9cnicos do governo, a aposta majorit\u00e1ria \u00e9 de que os juros subir\u00e3o 0,25 ponto percentual em mar\u00e7o, mais como efeito psicol\u00f3gico do que efetivo sobre o n\u00edvel de atividade. O entendimento \u00e9 o de que o BC mostrar\u00e1 ao mercado que est\u00e1 disposto a come\u00e7ar a discutir as distor\u00e7\u00f5es da pol\u00edtica monet\u00e1ria. O Brasil est\u00e1 com juros negativos de quase 2%. Isso afasta d\u00f3lares do pa\u00eds.<\/p>\n<p>&nbsp;<\/p>\n<p>Os diretores do Banco Central esperam que, na reuni\u00e3o de mar\u00e7o do Copom, Bolsonaro j\u00e1 tenha sancionado o projeto aprovado pelo Congresso que deu autonomia legal \u00e0 institui\u00e7\u00e3o, com defini\u00e7\u00e3o de mandatos fixos para seus diretores. Isso afastar\u00e1 cada vez mais o BC da pol\u00edtica.<\/p>\n<p>&nbsp;<\/p>\n<p><em>Bras\u00edlia, 18h01min<\/em><\/p>\n","protected":false},"excerpt":{"rendered":"<p>T\u00e9cnicos muito conceituados do governo est\u00e3o convencidos de que \u00e9 preciso dar boas respostas aos agentes de mercado sobre os compromissos com a pol\u00edtica econ\u00f4mica, depois de todos os estragos provocados pelo presidente Jair Bolsonaro na imagem do pa\u00eds, ao intervir na Petrobras. &nbsp; E uma das respostas vir\u00e1 do Banco Central, por meio do [&hellip;]<\/p>\n","protected":false},"author":22,"featured_media":15102,"comment_status":"open","ping_status":"closed","sticky":false,"template":"","format":"standard","meta":{"footnotes":""},"categories":[600],"tags":[589,5215,2787],"class_list":["post-17430","post","type-post","status-publish","format-standard","has-post-thumbnail","hentry","category-economia","tag-economia","tag-negocios-resposta-da-equipe-economica-a-bolsonaro-sera-aumento-dos-juros","tag-politica"],"_links":{"self":[{"href":"https:\/\/blogs.correiobraziliense.com.br\/vicente\/wp-json\/wp\/v2\/posts\/17430","targetHints":{"allow":["GET"]}}],"collection":[{"href":"https:\/\/blogs.correiobraziliense.com.br\/vicente\/wp-json\/wp\/v2\/posts"}],"about":[{"href":"https:\/\/blogs.correiobraziliense.com.br\/vicente\/wp-json\/wp\/v2\/types\/post"}],"author":[{"embeddable":true,"href":"https:\/\/blogs.correiobraziliense.com.br\/vicente\/wp-json\/wp\/v2\/users\/22"}],"replies":[{"embeddable":true,"href":"https:\/\/blogs.correiobraziliense.com.br\/vicente\/wp-json\/wp\/v2\/comments?post=17430"}],"version-history":[{"count":1,"href":"https:\/\/blogs.correiobraziliense.com.br\/vicente\/wp-json\/wp\/v2\/posts\/17430\/revisions"}],"predecessor-version":[{"id":17431,"href":"https:\/\/blogs.correiobraziliense.com.br\/vicente\/wp-json\/wp\/v2\/posts\/17430\/revisions\/17431"}],"wp:featuredmedia":[{"embeddable":true,"href":"https:\/\/blogs.correiobraziliense.com.br\/vicente\/wp-json\/wp\/v2\/media\/15102"}],"wp:attachment":[{"href":"https:\/\/blogs.correiobraziliense.com.br\/vicente\/wp-json\/wp\/v2\/media?parent=17430"}],"wp:term":[{"taxonomy":"category","embeddable":true,"href":"https:\/\/blogs.correiobraziliense.com.br\/vicente\/wp-json\/wp\/v2\/categories?post=17430"},{"taxonomy":"post_tag","embeddable":true,"href":"https:\/\/blogs.correiobraziliense.com.br\/vicente\/wp-json\/wp\/v2\/tags?post=17430"}],"curies":[{"name":"wp","href":"https:\/\/api.w.org\/{rel}","templated":true}]}}