{"id":17427,"date":"2021-02-23T09:26:31","date_gmt":"2021-02-23T12:26:31","guid":{"rendered":"https:\/\/blogs.correiobraziliense.com.br\/vicente\/?p=17427"},"modified":"2021-02-23T11:58:54","modified_gmt":"2021-02-23T14:58:54","slug":"prefeitos-de-cidades-do-entorno-defendem-lockdown-no-distrito-federal","status":"publish","type":"post","link":"https:\/\/blogs.correiobraziliense.com.br\/vicente\/prefeitos-de-cidades-do-entorno-defendem-lockdown-no-distrito-federal\/","title":{"rendered":"Prefeitos de cidades do Entorno defendem lockdown no Distrito Federal"},"content":{"rendered":"<h2>Diante da situa\u00e7\u00e3o dram\u00e1tica vivida pelas cidades do Entorno do Distrito Federal, prefeitos da regi\u00e3o cobram que o governo da capital do pa\u00eds decrete um novo lockdown o mais rapidamente poss\u00edvel para conter a dissemina\u00e7\u00e3o do novo coronav\u00edrus.<\/h2>\n<p>&nbsp;<\/p>\n<p>No entender desses prefeitos, que pediram uma reuni\u00e3o entre os secret\u00e1rios de Sa\u00fade do DF e de Goi\u00e1s \u2014 os dois conversam nesta ter\u00e7a-feira (23\/02) \u2014, n\u00e3o h\u00e1 como eles optarem por medidas mais restritivas se o Distrito Federal n\u00e3o fizer o mesmo.<\/p>\n<p>&nbsp;<\/p>\n<p>A raz\u00e3o, dizem os gestores municipais, \u00e9 o grande fluxo de pessoas que, diariamente, transitam entre as cidades do Entorno e a capital do pa\u00eds. S\u00e3o mais de 200 mil cidad\u00e3os por dia. Sem medidas conjuntas, portanto, o v\u00edrus continuar\u00e1 circulando livremente.<\/p>\n<p>&nbsp;<\/p>\n<p>O Governo do Distrito Federal resiste \u00e0 qualquer medida mais dura, que tenha impacto na economia. A interpreta\u00e7\u00e3o \u00e9 de que o desgaste pol\u00edtico de um novo lockdown seria enorme. O DF n\u00e3o aceita sequer adotar restri\u00e7\u00f5es nas cidades que fazem divisa direta com os munic\u00edpios goianos, onde o quadro epidemiol\u00f3gico \u00e9 mais complicado.<\/p>\n<p>&nbsp;<\/p>\n<p><strong>Ocupa\u00e7\u00e3o de quase 100% dos leitos<\/strong><\/p>\n<p>&nbsp;<\/p>\n<p>Em v\u00e1rias cidades do Entorno, a ocupa\u00e7\u00e3o dos leitos de UTIs, que s\u00e3o poucos, est\u00e1 pr\u00f3xima de 100%. N\u00e3o por acaso, a lota\u00e7\u00e3o dos hospitais do Distrito Federal disparou nos \u00faltimos dias. Pelos c\u00e1lculos da Secretaria de Sa\u00fade do DF, de cada dois leitos de UTIs ocupados, dois s\u00e3o por moradores do Entorno.<\/p>\n<p>&nbsp;<\/p>\n<p>A secretaria acredita, por\u00e9m, que essa rela\u00e7\u00e3o \u00e9 muito maior, pois muitos moradores do Entorno t\u00eam endere\u00e7os no Distrito Federal e os apresentam na hora de serem atendidos. Para especialistas, esse tr\u00e2nsito livre e intenso de moradores \u00e9 o respons\u00e1vel pela dissemina\u00e7\u00e3o de novas cepas do coronav\u00edrus.<\/p>\n<p>&nbsp;<\/p>\n<p>Estudiosos da Universidade de Bras\u00edlia (UnB) garantem que j\u00e1 sequenciaram v\u00e1rias cepas no Distrito Federal, entregaram os dados ao governo, mas nada foi divulgado oficialmente para se evitar a decreta\u00e7\u00e3o de medidas mais restritivas. A quest\u00e3o de sa\u00fade continua dominada pela pol\u00edtica, afirmam os especialistas.<\/p>\n<p>&nbsp;<\/p>\n<p><em>Bras\u00edlia, 09h26min<\/em><\/p>\n","protected":false},"excerpt":{"rendered":"<p>Diante da situa\u00e7\u00e3o dram\u00e1tica vivida pelas cidades do Entorno do Distrito Federal, prefeitos da regi\u00e3o cobram que o governo da capital do pa\u00eds decrete um novo lockdown o mais rapidamente poss\u00edvel para conter a dissemina\u00e7\u00e3o do novo coronav\u00edrus. &nbsp; No entender desses prefeitos, que pediram uma reuni\u00e3o entre os secret\u00e1rios de Sa\u00fade do DF e [&hellip;]<\/p>\n","protected":false},"author":22,"featured_media":13413,"comment_status":"open","ping_status":"closed","sticky":false,"template":"","format":"standard","meta":{"footnotes":""},"categories":[600],"tags":[589,2787,5214,579],"class_list":["post-17427","post","type-post","status-publish","format-standard","has-post-thumbnail","hentry","category-economia","tag-economia","tag-politica","tag-prefeitos-de-cidades-do-entorno-defendem-lockdown-no-distrito-federal","tag-saude"],"_links":{"self":[{"href":"https:\/\/blogs.correiobraziliense.com.br\/vicente\/wp-json\/wp\/v2\/posts\/17427","targetHints":{"allow":["GET"]}}],"collection":[{"href":"https:\/\/blogs.correiobraziliense.com.br\/vicente\/wp-json\/wp\/v2\/posts"}],"about":[{"href":"https:\/\/blogs.correiobraziliense.com.br\/vicente\/wp-json\/wp\/v2\/types\/post"}],"author":[{"embeddable":true,"href":"https:\/\/blogs.correiobraziliense.com.br\/vicente\/wp-json\/wp\/v2\/users\/22"}],"replies":[{"embeddable":true,"href":"https:\/\/blogs.correiobraziliense.com.br\/vicente\/wp-json\/wp\/v2\/comments?post=17427"}],"version-history":[{"count":1,"href":"https:\/\/blogs.correiobraziliense.com.br\/vicente\/wp-json\/wp\/v2\/posts\/17427\/revisions"}],"predecessor-version":[{"id":17428,"href":"https:\/\/blogs.correiobraziliense.com.br\/vicente\/wp-json\/wp\/v2\/posts\/17427\/revisions\/17428"}],"wp:featuredmedia":[{"embeddable":true,"href":"https:\/\/blogs.correiobraziliense.com.br\/vicente\/wp-json\/wp\/v2\/media\/13413"}],"wp:attachment":[{"href":"https:\/\/blogs.correiobraziliense.com.br\/vicente\/wp-json\/wp\/v2\/media?parent=17427"}],"wp:term":[{"taxonomy":"category","embeddable":true,"href":"https:\/\/blogs.correiobraziliense.com.br\/vicente\/wp-json\/wp\/v2\/categories?post=17427"},{"taxonomy":"post_tag","embeddable":true,"href":"https:\/\/blogs.correiobraziliense.com.br\/vicente\/wp-json\/wp\/v2\/tags?post=17427"}],"curies":[{"name":"wp","href":"https:\/\/api.w.org\/{rel}","templated":true}]}}