{"id":17414,"date":"2021-02-22T14:09:27","date_gmt":"2021-02-22T17:09:27","guid":{"rendered":"https:\/\/blogs.correiobraziliense.com.br\/vicente\/?p=17414"},"modified":"2021-02-22T18:22:57","modified_gmt":"2021-02-22T21:22:57","slug":"congelamento-de-salario-de-servidor-banca-auxilio-emergencial","status":"publish","type":"post","link":"https:\/\/blogs.correiobraziliense.com.br\/vicente\/congelamento-de-salario-de-servidor-banca-auxilio-emergencial\/","title":{"rendered":"Congelamento de sal\u00e1rio de servidor banca aux\u00edlio emergencial"},"content":{"rendered":"<p>O congelamento dos sal\u00e1rios dos servidores por dois anos (2020 e 2021) bancar\u00e1 a volta do aux\u00edlio emergencial. Segundo integrantes da equipe econ\u00f4mica, em vez de o governo se endividar para garantir aumentos nos contracheques do funcionalismo, poder\u00e1 usar esse espa\u00e7o fiscal para ajudar os mais pobres. Pelos c\u00e1lculos dos t\u00e9cnicos da Esplanada, a economia com o congelamento de sal\u00e1rios ser\u00e1 de R$ 138 bilh\u00f5es, dos quais R$ 40 bilh\u00f5es no governo federal. J\u00e1\u00a0a fatura com os benef\u00edcios aos mais pobres ficar\u00e1 entre R$ 30 bilh\u00f5es e R$ 40 bilh\u00f5es, com o excedente necess\u00e1rio saindo do or\u00e7amento do Bolsa Fam\u00edlia.<\/p>\n<p>&nbsp;<\/p>\n<p>A volta do pagamento do aux\u00edlio emergencial, no entanto, exige a prova\u00e7\u00e3o r\u00e1pida da PEC Emergencial pelo Congresso. Al\u00e9m de dar autoriza\u00e7\u00e3o para o benef\u00edcio, a Proposta de Emenda \u00e0 Constitui\u00e7\u00e3o que est\u00e1 sendo relatada pelo senador M\u00e1rcio Bittar estabelecer\u00e1 um novo marco fiscal, com regras r\u00edgidas para a atua\u00e7\u00e3o do governo em tempos de crises. Ao se acionar o bot\u00e3o dos gastos extraordin\u00e1rios, despesas ter\u00e3o de ser cortadas, inclusive, congelando, novamente, os sal\u00e1rios dos servidores. Em m\u00e9dia, acredita o governo, uma crise fiscal dura um ano e meio.<\/p>\n<p>&nbsp;<\/p>\n<p>O governo acredita que a aprova\u00e7\u00e3o da PEC Emergencial com o novo marco fiscal dar\u00e1 maior tranquilidade aos agentes econ\u00f4micos, que mostram grande preocupa\u00e7\u00e3o com os rumos das contas p\u00fablicas. Os t\u00e9cnicos argumentam que, com mais seguran\u00e7a fiscal, al\u00e9m da ci\u00eancia da emerg\u00eancia em que o pa\u00eds vive, pois a pandemia da covid-19 recrudesceu, os analistas far\u00e3o as contas e ver\u00e3o que os at\u00e9 R$ 40 bilh\u00f5es que ser\u00e3o gastos para socorrer os mais pobres s\u00e3o aceit\u00e1veis.<\/p>\n<p>&nbsp;<\/p>\n<p>Para um pa\u00eds com um Produto Interno Bruto (PIB) acima de R$ 7 trilh\u00f5es, os at\u00e9 R$ 40 bilh\u00f5es representam apenas 0,33% da soma de todas as riquezas geradas pela economia. A equipe econ\u00f4mica lembra que boa parte dos analistas previa que a d\u00edvida bruta do pa\u00eds encerraria 2020 em 100% do PIB, mas tal rela\u00e7\u00e3o ficou em 89,3%. Ou seja, ainda que os recursos necess\u00e1rios para bancar o aux\u00edlio emergencial signifiquem mais endividamento, o aumento dos d\u00e9bitos ser\u00e1 m\u00ednimo, para 89,7% do PIB.<\/p>\n<p>&nbsp;<\/p>\n<p>O mais importante, em toda a discuss\u00e3o em torno do aux\u00edlio emergencial, acredita o governo, \u00e9 que o Congresso aprove a PEC Emergencial com o novo marco fiscal. S\u00e3o as travas contra a gastan\u00e7a desenfreada que permitir\u00e3o, por exemplo, que se congele novamente os sal\u00e1rios dos servidores em per\u00edodos de calamidade para que recursos sejam destinados a \u00e1reas priorit\u00e1rias, como sa\u00fade e social.<\/p>\n","protected":false},"excerpt":{"rendered":"<p>O congelamento dos sal\u00e1rios dos servidores por dois anos (2020 e 2021) bancar\u00e1 a volta do aux\u00edlio emergencial. Segundo integrantes da equipe econ\u00f4mica, em vez de o governo se endividar para garantir aumentos nos contracheques do funcionalismo, poder\u00e1 usar esse espa\u00e7o fiscal para ajudar os mais pobres. Pelos c\u00e1lculos dos t\u00e9cnicos da Esplanada, a economia [&hellip;]<\/p>\n","protected":false},"author":22,"featured_media":10448,"comment_status":"open","ping_status":"closed","sticky":false,"template":"","format":"standard","meta":{"footnotes":""},"categories":[600],"tags":[926,5210,589,2526,2787],"class_list":["post-17414","post","type-post","status-publish","format-standard","has-post-thumbnail","hentry","category-economia","tag-brasilia","tag-congelamento-de-salario-de-servidor-banca-auxilio-emergencial","tag-economia","tag-poder","tag-politica"],"_links":{"self":[{"href":"https:\/\/blogs.correiobraziliense.com.br\/vicente\/wp-json\/wp\/v2\/posts\/17414","targetHints":{"allow":["GET"]}}],"collection":[{"href":"https:\/\/blogs.correiobraziliense.com.br\/vicente\/wp-json\/wp\/v2\/posts"}],"about":[{"href":"https:\/\/blogs.correiobraziliense.com.br\/vicente\/wp-json\/wp\/v2\/types\/post"}],"author":[{"embeddable":true,"href":"https:\/\/blogs.correiobraziliense.com.br\/vicente\/wp-json\/wp\/v2\/users\/22"}],"replies":[{"embeddable":true,"href":"https:\/\/blogs.correiobraziliense.com.br\/vicente\/wp-json\/wp\/v2\/comments?post=17414"}],"version-history":[{"count":4,"href":"https:\/\/blogs.correiobraziliense.com.br\/vicente\/wp-json\/wp\/v2\/posts\/17414\/revisions"}],"predecessor-version":[{"id":17423,"href":"https:\/\/blogs.correiobraziliense.com.br\/vicente\/wp-json\/wp\/v2\/posts\/17414\/revisions\/17423"}],"wp:featuredmedia":[{"embeddable":true,"href":"https:\/\/blogs.correiobraziliense.com.br\/vicente\/wp-json\/wp\/v2\/media\/10448"}],"wp:attachment":[{"href":"https:\/\/blogs.correiobraziliense.com.br\/vicente\/wp-json\/wp\/v2\/media?parent=17414"}],"wp:term":[{"taxonomy":"category","embeddable":true,"href":"https:\/\/blogs.correiobraziliense.com.br\/vicente\/wp-json\/wp\/v2\/categories?post=17414"},{"taxonomy":"post_tag","embeddable":true,"href":"https:\/\/blogs.correiobraziliense.com.br\/vicente\/wp-json\/wp\/v2\/tags?post=17414"}],"curies":[{"name":"wp","href":"https:\/\/api.w.org\/{rel}","templated":true}]}}