{"id":17408,"date":"2021-02-20T13:50:43","date_gmt":"2021-02-20T16:50:43","guid":{"rendered":"https:\/\/blogs.correiobraziliense.com.br\/vicente\/?p=17408"},"modified":"2021-02-20T13:51:08","modified_gmt":"2021-02-20T16:51:08","slug":"novas-ameacas-de-bolsonaro-poem-banco-do-brasil-em-alerta","status":"publish","type":"post","link":"https:\/\/blogs.correiobraziliense.com.br\/vicente\/novas-ameacas-de-bolsonaro-poem-banco-do-brasil-em-alerta\/","title":{"rendered":"Novas amea\u00e7as de Bolsonaro p\u00f5em Banco do Brasil em alerta"},"content":{"rendered":"<p>O comando do Banco do Brasil acendeu o sinal de alerta. Diante das novas amea\u00e7as feitas pelo presidente Jair Bolsonaro de que outras mudan\u00e7as acontecer\u00e3o no governo, levantou-se a possibilidade de demiss\u00e3o do presidente do BB, Andr\u00e9 Brand\u00e3o. H\u00e1 pouco mais de um m\u00eas, ele foi amea\u00e7ado de cart\u00e3o vermelho pelo chefe do Executivo.<\/p>\n<p>&nbsp;<\/p>\n<p>As amea\u00e7as de Bolsonaro foram feitas neste s\u00e1bado (20\/02), em uma cerim\u00f4nia envolvendo militares. O presidente disse n\u00e3o lhe faltar coragem para trocar as pe\u00e7as que n\u00e3o est\u00e3o funcionando do governo. Na sexta-feira (19\/02), ele demitiu o presidente da Petrobras, Roberto Castello Branco, que ser\u00e1 substitu\u00eddo pelo general Joaquim Silva e Luna.<\/p>\n<p>O presidente do Banco do Brasil foi amea\u00e7ado de demiss\u00e3o ap\u00f3s anunciar um plano de reestrutura\u00e7\u00e3o da institui\u00e7\u00e3o, que resultou na sa\u00edda de mais de 5 mil funcion\u00e1rios por meio de um programa de demiss\u00e3o volunt\u00e1ria (PDV) e passa pelo fechamento de 361 pontos de atendimento, sendo 112 ag\u00eancias.<\/p>\n<p>&nbsp;<\/p>\n<p>Bolsonaro foi cobrado por parlamentares da base aliada, que viram nas a\u00e7\u00f5es do Banco do Brasil desprest\u00edgio pol\u00edtico, uma vez que o fechamento de ag\u00eancias mostraria perda de apoio do governo. O presidente, jogando para a plateia, anunciou a demiss\u00e3o de Brand\u00e3o, que n\u00e3o se confirmou \u00e0 \u00e9poca.<\/p>\n<p>&nbsp;<\/p>\n<p>Agora, com a obriga\u00e7\u00e3o de atender \u00e0 gula do Centr\u00e3o, que cobra mais espa\u00e7o no governo, e em busca de apoio \u00e0 reelei\u00e7\u00e3o em 2022, Bolsonaro vai tirar do caminho qualquer um que possa atrapalhar seus planos de permanecer no poder por mais quatro anos. Castello Branco era atacado pelos caminhoneiros, base importante do bolsonarismo.<\/p>\n<p>&nbsp;<\/p>\n<p>Nessa toada, Bolsonaro tamb\u00e9m trocar\u00e1 alguns ministros, fazendo a reforma que tanto negou antes das elei\u00e7\u00f5es para as presid\u00eancias da C\u00e2mara e do Senado. Daqui por diante, o presidente ser\u00e1 cada vez mais populista. Paulo Guedes, ministro da Economia, deve se preparar para o pior.<\/p>\n<p>&nbsp;<\/p>\n","protected":false},"excerpt":{"rendered":"<p>O comando do Banco do Brasil acendeu o sinal de alerta. Diante das novas amea\u00e7as feitas pelo presidente Jair Bolsonaro de que outras mudan\u00e7as acontecer\u00e3o no governo, levantou-se a possibilidade de demiss\u00e3o do presidente do BB, Andr\u00e9 Brand\u00e3o. H\u00e1 pouco mais de um m\u00eas, ele foi amea\u00e7ado de cart\u00e3o vermelho pelo chefe do Executivo. &nbsp; [&hellip;]<\/p>\n","protected":false},"author":22,"featured_media":11442,"comment_status":"open","ping_status":"closed","sticky":false,"template":"","format":"standard","meta":{"footnotes":""},"categories":[600],"tags":[229,2554,589,4547,2787],"class_list":["post-17408","post","type-post","status-publish","format-standard","has-post-thumbnail","hentry","category-economia","tag-banco-do-brasil","tag-bolsonaro","tag-economia","tag-negocios","tag-politica"],"_links":{"self":[{"href":"https:\/\/blogs.correiobraziliense.com.br\/vicente\/wp-json\/wp\/v2\/posts\/17408","targetHints":{"allow":["GET"]}}],"collection":[{"href":"https:\/\/blogs.correiobraziliense.com.br\/vicente\/wp-json\/wp\/v2\/posts"}],"about":[{"href":"https:\/\/blogs.correiobraziliense.com.br\/vicente\/wp-json\/wp\/v2\/types\/post"}],"author":[{"embeddable":true,"href":"https:\/\/blogs.correiobraziliense.com.br\/vicente\/wp-json\/wp\/v2\/users\/22"}],"replies":[{"embeddable":true,"href":"https:\/\/blogs.correiobraziliense.com.br\/vicente\/wp-json\/wp\/v2\/comments?post=17408"}],"version-history":[{"count":1,"href":"https:\/\/blogs.correiobraziliense.com.br\/vicente\/wp-json\/wp\/v2\/posts\/17408\/revisions"}],"predecessor-version":[{"id":17409,"href":"https:\/\/blogs.correiobraziliense.com.br\/vicente\/wp-json\/wp\/v2\/posts\/17408\/revisions\/17409"}],"wp:featuredmedia":[{"embeddable":true,"href":"https:\/\/blogs.correiobraziliense.com.br\/vicente\/wp-json\/wp\/v2\/media\/11442"}],"wp:attachment":[{"href":"https:\/\/blogs.correiobraziliense.com.br\/vicente\/wp-json\/wp\/v2\/media?parent=17408"}],"wp:term":[{"taxonomy":"category","embeddable":true,"href":"https:\/\/blogs.correiobraziliense.com.br\/vicente\/wp-json\/wp\/v2\/categories?post=17408"},{"taxonomy":"post_tag","embeddable":true,"href":"https:\/\/blogs.correiobraziliense.com.br\/vicente\/wp-json\/wp\/v2\/tags?post=17408"}],"curies":[{"name":"wp","href":"https:\/\/api.w.org\/{rel}","templated":true}]}}