{"id":17404,"date":"2021-02-19T17:31:25","date_gmt":"2021-02-19T20:31:25","guid":{"rendered":"https:\/\/blogs.correiobraziliense.com.br\/vicente\/?p=17404"},"modified":"2021-02-19T18:16:11","modified_gmt":"2021-02-19T21:16:11","slug":"empresas-de-onibus-preparam-reajustes-de-passagens-por-causa-de-aumento-do-diesel","status":"publish","type":"post","link":"https:\/\/blogs.correiobraziliense.com.br\/vicente\/empresas-de-onibus-preparam-reajustes-de-passagens-por-causa-de-aumento-do-diesel\/","title":{"rendered":"Empresas de \u00f4nibus preparam reajustes de passagens por causa de aumento do diesel"},"content":{"rendered":"<h2>As empresas de transporte urbano est\u00e3o preparando uma s\u00e9rie de reajustes de passagens de \u00f4nibus por todo o pa\u00eds por causa dos consecutivos aumentos dos pre\u00e7os do \u00f3leo diesel. Nesta sexta-feira (19\/02), passou a vigorar alta de 15,2% nas refinarias, acumulando 27,5% no ano.<\/h2>\n<p>&nbsp;<\/p>\n<p>Em carta enviada ao presidente Jair Bolsonaro, a Associa\u00e7\u00e3o Nacional das Empresas de Transportes P\u00fablicos (NTU) informa que, depois de ser fortemente impactado pelos efeitos da pandemia, que somam preju\u00edzos de quase R$ 10 bilh\u00f5es, o setor sofre novo golpe com o an\u00fancio do reajuste do \u00f3leo diesel anunciado pela Petrobras.<\/p>\n<p>&nbsp;<\/p>\n<p>Segundo a associa\u00e7\u00e3o, o aumento dos pre\u00e7os do combust\u00edvel inviabiliza qualquer chance de recupera\u00e7\u00e3o do quadro cr\u00edtico das empresas de \u00f4nibus urbano em todo o pa\u00eds. A NTU calcula que o novo reajuste, somado aos reajustes acumulados do diesel desde o ano passado, gera um impacto de 5,8% na planilha de custos das operadoras, tendo em vista que o combust\u00edvel representa, em m\u00e9dia, 23% dos custos operacionais das empresas de \u00f4nibus.<\/p>\n<p>&nbsp;<\/p>\n<p>&#8220;N\u00e3o conseguimos entender a insensibilidade do governo federal com um servi\u00e7o essencial que garante o direito de ir e vir de 43 milh\u00f5es de passageiros transportados por dia&#8221;, destaca Ot\u00e1vio Cunha, presidente-executivo da NTU.<\/p>\n<p>&nbsp;<\/p>\n<p>Para ele, o setor reconhece o esfor\u00e7o do presidente da Rep\u00fablica, que j\u00e1 anunciou medida emergencial que zera tributos federais sobre o \u00f3leo diesel por 60 dias, mas clama por solu\u00e7\u00f5es definitivas, que passam pela reformula\u00e7\u00e3o da estrutura tribut\u00e1ria incidente sobre o produto e pela ado\u00e7\u00e3o de pol\u00edticas de pre\u00e7os especiais para setores essenciais como o de transporte p\u00fablico.<\/p>\n<p>&nbsp;<\/p>\n<p>Na correspond\u00eancia, a Associa\u00e7\u00e3o destaca, tamb\u00e9m, que o an\u00fancio do reajuste do combust\u00edvel em 15,2%, a partir desta sexta-feira, foi recebido com grande preocupa\u00e7\u00e3o pelas empresas de \u00f4nibus. &#8220;Com esse novo reajuste, o aumento acumulado no pre\u00e7o do combust\u00edvel somar\u00e1 27,5% somente este ano, ou 25,4% na compara\u00e7\u00e3o com os pre\u00e7os praticados em janeiro de 2020&#8221;, explica o presidente da NTU.<\/p>\n<p>&nbsp;<\/p>\n<p>No entender do executivo, a situa\u00e7\u00e3o das empresas chegou a um limite cr\u00edtico no Brasil, com preju\u00edzos n\u00e3o s\u00f3 \u00e0s operadoras do servi\u00e7o, mas, tamb\u00e9m, aos trabalhadores. &#8220;Foram mais de 70 mil postos de trabalho perdidos&#8221;, afirma Cunha, que defende a\u00a0ado\u00e7\u00e3o de um novo marco legal para o transporte p\u00fablico urbano e de car\u00e1ter urbano, que inclua a seguran\u00e7a jur\u00eddica e a transpar\u00eancia nas rela\u00e7\u00f5es contratuais, em resposta \u00e0 crise setorial. Essas propostas vem sendo discutida com representantes dos minist\u00e9rios da Economia e do Desenvolvimento Regional.<\/p>\n<p>&nbsp;<\/p>\n<p><em>Bras\u00edlia, 17h31min<\/em><\/p>\n","protected":false},"excerpt":{"rendered":"<p>As empresas de transporte urbano est\u00e3o preparando uma s\u00e9rie de reajustes de passagens de \u00f4nibus por todo o pa\u00eds por causa dos consecutivos aumentos dos pre\u00e7os do \u00f3leo diesel. Nesta sexta-feira (19\/02), passou a vigorar alta de 15,2% nas refinarias, acumulando 27,5% no ano. &nbsp; Em carta enviada ao presidente Jair Bolsonaro, a Associa\u00e7\u00e3o Nacional [&hellip;]<\/p>\n","protected":false},"author":22,"featured_media":17405,"comment_status":"open","ping_status":"closed","sticky":false,"template":"","format":"standard","meta":{"footnotes":""},"categories":[600],"tags":[589,5207,4547,2787],"class_list":["post-17404","post","type-post","status-publish","format-standard","has-post-thumbnail","hentry","category-economia","tag-economia","tag-empresas-de-onibus-preparam-reajustes-de-passagens-por-causa-de-aumento-do-diesel","tag-negocios","tag-politica"],"_links":{"self":[{"href":"https:\/\/blogs.correiobraziliense.com.br\/vicente\/wp-json\/wp\/v2\/posts\/17404","targetHints":{"allow":["GET"]}}],"collection":[{"href":"https:\/\/blogs.correiobraziliense.com.br\/vicente\/wp-json\/wp\/v2\/posts"}],"about":[{"href":"https:\/\/blogs.correiobraziliense.com.br\/vicente\/wp-json\/wp\/v2\/types\/post"}],"author":[{"embeddable":true,"href":"https:\/\/blogs.correiobraziliense.com.br\/vicente\/wp-json\/wp\/v2\/users\/22"}],"replies":[{"embeddable":true,"href":"https:\/\/blogs.correiobraziliense.com.br\/vicente\/wp-json\/wp\/v2\/comments?post=17404"}],"version-history":[{"count":1,"href":"https:\/\/blogs.correiobraziliense.com.br\/vicente\/wp-json\/wp\/v2\/posts\/17404\/revisions"}],"predecessor-version":[{"id":17406,"href":"https:\/\/blogs.correiobraziliense.com.br\/vicente\/wp-json\/wp\/v2\/posts\/17404\/revisions\/17406"}],"wp:featuredmedia":[{"embeddable":true,"href":"https:\/\/blogs.correiobraziliense.com.br\/vicente\/wp-json\/wp\/v2\/media\/17405"}],"wp:attachment":[{"href":"https:\/\/blogs.correiobraziliense.com.br\/vicente\/wp-json\/wp\/v2\/media?parent=17404"}],"wp:term":[{"taxonomy":"category","embeddable":true,"href":"https:\/\/blogs.correiobraziliense.com.br\/vicente\/wp-json\/wp\/v2\/categories?post=17404"},{"taxonomy":"post_tag","embeddable":true,"href":"https:\/\/blogs.correiobraziliense.com.br\/vicente\/wp-json\/wp\/v2\/tags?post=17404"}],"curies":[{"name":"wp","href":"https:\/\/api.w.org\/{rel}","templated":true}]}}