{"id":17399,"date":"2021-02-19T10:51:14","date_gmt":"2021-02-19T13:51:14","guid":{"rendered":"https:\/\/blogs.correiobraziliense.com.br\/vicente\/?p=17399"},"modified":"2021-02-19T12:02:44","modified_gmt":"2021-02-19T15:02:44","slug":"cade-abre-investigacao-para-apurar-pratica-anticompetitiva-no-mercado-de-combustiveis","status":"publish","type":"post","link":"https:\/\/blogs.correiobraziliense.com.br\/vicente\/cade-abre-investigacao-para-apurar-pratica-anticompetitiva-no-mercado-de-combustiveis\/","title":{"rendered":"Cade abre investiga\u00e7\u00e3o para apurar pr\u00e1tica anticompetitiva no mercado de combust\u00edveis"},"content":{"rendered":"<h2>A Superintend\u00eancia-Geral do Conselho Administrativo de Defesa Econ\u00f4mica (SG\/Cade) instaurou inqu\u00e9rito administrativo nesta sexta-feira (19\/02) para investigar poss\u00edveis condutas colusivas no mercado de revenda de combust\u00edveis relacionadas ao aumento de pre\u00e7os em todos os estados da Federa\u00e7\u00e3o.<\/h2>\n<p>&nbsp;<\/p>\n<p>Segundo o Cade, a\u00a0 investiga\u00e7\u00e3o, que tem como alvo o Sindicato do Com\u00e9rcio Varejista de Combust\u00edveis e Lubrificantes do Distrito Federal (Sindicombust\u00edveis\/DF) e seu presidente, Paulo Tavares, come\u00e7ou a partir entrevista ao programa <em>CB.Poder<\/em>, uma parceria entre o <strong>Correio<\/strong> e a Tev\u00ea Bras\u00edlia, al\u00e9m de outras declara\u00e7\u00f5es \u00e0 imprensa.<\/p>\n<p>&nbsp;<\/p>\n<p>O Cade ressalta que o presidente do Sindicombust\u00edveis\/DF teria comunicado a ve\u00edculos de imprensa o iminente reajuste de pre\u00e7os a ser praticado por revendedores de combust\u00edveis no Distrito Federal, informando previamente que o valor seria de R$ 0,10.<\/p>\n<p>&nbsp;<\/p>\n<p>O \u00f3rg\u00e3o, que investiga pr\u00e1ticas anticompetitivas, destaca, ainda, que Tavares argumentou que os reajustes seriam decorrentes da majora\u00e7\u00e3o seguida dos pre\u00e7os nas refinarias da Petrobras, tanto da gasolina quanto do \u00e1lcool anidro, bem como da altera\u00e7\u00e3o do valor do ICMS, cobrado sobre o pre\u00e7o m\u00e9dio de mercado.<\/p>\n<p>&nbsp;<\/p>\n<p>&#8220;As manifesta\u00e7\u00f5es p\u00fablicas do sindicato podem ser enquadradas como influ\u00eancia na ado\u00e7\u00e3o de conduta comercial uniforme, ou at\u00e9 mesmo cartel hub and spoke, tendo em vista a suposta inten\u00e7\u00e3o do sindicato de atuar como facilitador de uma colus\u00e3o entre revendedores&#8221;.<\/p>\n<p>&nbsp;<\/p>\n<p>O Cade lembra que, em investiga\u00e7\u00f5es anteriores, constatou que a pr\u00e1tica teria sido empregada pelo mesmo sindicato. &#8220;No caso, a entidade manifestou a necessidade de reajuste dos pre\u00e7os de revenda de combust\u00edveis e utilizou canais da imprensa para sinalizar tais aumentos (Processo n\u00ba 08012.008859\/2009-86)&#8221;, frisa.<\/p>\n<p>&nbsp;<\/p>\n<p>Para o Conselho, a a\u00e7\u00e3o do Sindicombust\u00edveis-DF de recomendar &#8220;a pr\u00e1tica de reajustes de pre\u00e7os por parte de seus associados, coordenando a atua\u00e7\u00e3o de agentes no mercado, contraria a Lei n\u00ba 12.529\/11 na medida em que gera ou tem potencial para gerar efeitos anticoncorrenciais&#8221;.<\/p>\n<p>&nbsp;<\/p>\n<p>Al\u00e9m de abrir o inqu\u00e9rito, a Superintend\u00eancia-Geral do Cade determinou que seja realizado monitoramento do mercado de revenda de combust\u00edveis a fim de rastrear poss\u00edvel comportamento colusivo dos revendedores em todos os estados da Federa\u00e7\u00e3o.<\/p>\n<p><em>Bras\u00edlia, 10h51min<\/em><\/p>\n","protected":false},"excerpt":{"rendered":"<p>A Superintend\u00eancia-Geral do Conselho Administrativo de Defesa Econ\u00f4mica (SG\/Cade) instaurou inqu\u00e9rito administrativo nesta sexta-feira (19\/02) para investigar poss\u00edveis condutas colusivas no mercado de revenda de combust\u00edveis relacionadas ao aumento de pre\u00e7os em todos os estados da Federa\u00e7\u00e3o. &nbsp; Segundo o Cade, a\u00a0 investiga\u00e7\u00e3o, que tem como alvo o Sindicato do Com\u00e9rcio Varejista de Combust\u00edveis e [&hellip;]<\/p>\n","protected":false},"author":22,"featured_media":12528,"comment_status":"open","ping_status":"closed","sticky":false,"template":"","format":"standard","meta":{"footnotes":""},"categories":[600],"tags":[5205,589,4547],"class_list":["post-17399","post","type-post","status-publish","format-standard","has-post-thumbnail","hentry","category-economia","tag-cade-abre-investigacao-para-apurar-pratica-anticompetitiva-no-mercado-de-combustiveis","tag-economia","tag-negocios"],"_links":{"self":[{"href":"https:\/\/blogs.correiobraziliense.com.br\/vicente\/wp-json\/wp\/v2\/posts\/17399","targetHints":{"allow":["GET"]}}],"collection":[{"href":"https:\/\/blogs.correiobraziliense.com.br\/vicente\/wp-json\/wp\/v2\/posts"}],"about":[{"href":"https:\/\/blogs.correiobraziliense.com.br\/vicente\/wp-json\/wp\/v2\/types\/post"}],"author":[{"embeddable":true,"href":"https:\/\/blogs.correiobraziliense.com.br\/vicente\/wp-json\/wp\/v2\/users\/22"}],"replies":[{"embeddable":true,"href":"https:\/\/blogs.correiobraziliense.com.br\/vicente\/wp-json\/wp\/v2\/comments?post=17399"}],"version-history":[{"count":2,"href":"https:\/\/blogs.correiobraziliense.com.br\/vicente\/wp-json\/wp\/v2\/posts\/17399\/revisions"}],"predecessor-version":[{"id":17401,"href":"https:\/\/blogs.correiobraziliense.com.br\/vicente\/wp-json\/wp\/v2\/posts\/17399\/revisions\/17401"}],"wp:featuredmedia":[{"embeddable":true,"href":"https:\/\/blogs.correiobraziliense.com.br\/vicente\/wp-json\/wp\/v2\/media\/12528"}],"wp:attachment":[{"href":"https:\/\/blogs.correiobraziliense.com.br\/vicente\/wp-json\/wp\/v2\/media?parent=17399"}],"wp:term":[{"taxonomy":"category","embeddable":true,"href":"https:\/\/blogs.correiobraziliense.com.br\/vicente\/wp-json\/wp\/v2\/categories?post=17399"},{"taxonomy":"post_tag","embeddable":true,"href":"https:\/\/blogs.correiobraziliense.com.br\/vicente\/wp-json\/wp\/v2\/tags?post=17399"}],"curies":[{"name":"wp","href":"https:\/\/api.w.org\/{rel}","templated":true}]}}