{"id":17396,"date":"2021-02-18T23:01:52","date_gmt":"2021-02-19T02:01:52","guid":{"rendered":"https:\/\/blogs.correiobraziliense.com.br\/vicente\/?p=17396"},"modified":"2021-02-18T23:55:28","modified_gmt":"2021-02-19T02:55:28","slug":"regalias-de-daniel-silveira-na-prisao-decorrem-de-apoio-de-policiais-a-bolsonaro-e-a-ataques-ao-stf","status":"publish","type":"post","link":"https:\/\/blogs.correiobraziliense.com.br\/vicente\/regalias-de-daniel-silveira-na-prisao-decorrem-de-apoio-de-policiais-a-bolsonaro-e-a-ataques-ao-stf\/","title":{"rendered":"Regalias de Daniel Silveira na pris\u00e3o decorrem de apoio de policiais a Bolsonaro e a ataques ao STF"},"content":{"rendered":"<h2>Integrantes da Pol\u00edcia Federal e da Pol\u00edcia Civil do Rio de Janeiro admitem que as regalias dadas ao deputado Daniel Silveira (PSL-RJ) na pris\u00e3o decorrem do apoio dos policiais ao presidente Jair Bolsonaro e porque muitos deles d\u00e3o suporte aoparlamentar nos ataques que ele faz ao Supremo Tribunal Federal (STF).<\/h2>\n<p>&nbsp;<\/p>\n<p>&#8220;As pol\u00edcias, em geral, tornaram-se redutos bolsonaristas. Ningu\u00e9m dentro das corpora\u00e7\u00f5es vai tratar mal um apoiador de Bolsonaro e cr\u00edtico do STF&#8221;, admite um policial federal ao <strong>Blog<\/strong>. &#8220;Ningu\u00e9m fala publicamente, mas boa parte dos policiais est\u00e1 contra pris\u00e3o do deputado&#8221;, acrescenta um policial civil.<\/p>\n<p>&nbsp;<\/p>\n<p>N\u00e3o por acaso, foram encontrados dois celulares na cela que Silveira ocupava na Pol\u00edcia Federal e o deputado est\u00e1 com tr\u00e2nsito livre no Batalh\u00e3o da Pol\u00edcia Militar do Rio, para o qual foi transferido. Sentido-se em casa e acolhido pelos policiais, o deputado voltou a atacar o Supremo.<\/p>\n<p>&nbsp;<\/p>\n<p><strong>Desacato<\/strong><\/p>\n<p>&nbsp;<\/p>\n<p>O apoio a Daniel Silveira entre os policiais \u00e9 tamanho, que a Pol\u00edcia Civil do Rio soltou uma nota na qual nega qualquer comportamento agressivo do parlamentar quando levado para o exame de corpo de delito no Instituto M\u00e9dico Legal (IML). L\u00e1, uma policial exigiu que ele usasse m\u00e1scara de prote\u00e7\u00e3o contra a covid-19.<\/p>\n<p>&nbsp;<\/p>\n<p>Al\u00e9m do tom exaltado com que se dirigiu \u00e0 policial, Silveira usou palavr\u00f5es para agredi-la. Mesmo com v\u00eddeos confirmando o desrespeito do deputado viralizando nas redes sociais, a Pol\u00edcia Civil do Rio disse n\u00e3o ter visto desacato no comportamento do parlamentar.<\/p>\n<p>&nbsp;<\/p>\n<p>&#8220;Os quart\u00e9is e todas as corpora\u00e7\u00f5es policiais, em maioria, comungam do pensamento de Daniel Silveira. H\u00e1 um apoio expl\u00edcito dos policiais ao presidente Bolsonaro e ao que dizem e fazem seus seguidores. Daniel Silveira representa muitos policiais&#8221;, refor\u00e7a outro policial federal.<\/p>\n<p>&nbsp;<\/p>\n<p>Portanto, n\u00e3o ser\u00e1 surpresa se o deputado, cuja pris\u00e3o dever\u00e1 ser ratificada pela C\u00e2mara dos Deputados, continuar tendo vida mansa na pris\u00e3o. Ele, como se sabe, \u00e9 ex-policial militar. Nos poucos anos em que esteve na corpora\u00e7\u00e3o, passou 80 dias detido por infra\u00e7\u00f5es.<\/p>\n<p>&nbsp;<\/p>\n<p><em>Bras\u00edlia, 23h01min<\/em><\/p>\n","protected":false},"excerpt":{"rendered":"<p>Integrantes da Pol\u00edcia Federal e da Pol\u00edcia Civil do Rio de Janeiro admitem que as regalias dadas ao deputado Daniel Silveira (PSL-RJ) na pris\u00e3o decorrem do apoio dos policiais ao presidente Jair Bolsonaro e porque muitos deles d\u00e3o suporte aoparlamentar nos ataques que ele faz ao Supremo Tribunal Federal (STF). &nbsp; &#8220;As pol\u00edcias, em geral, [&hellip;]<\/p>\n","protected":false},"author":22,"featured_media":17397,"comment_status":"open","ping_status":"closed","sticky":false,"template":"","format":"standard","meta":{"footnotes":""},"categories":[600],"tags":[926,5203,2526,5204],"class_list":["post-17396","post","type-post","status-publish","format-standard","has-post-thumbnail","hentry","category-economia","tag-brasilia","tag-judiciario-politica","tag-poder","tag-regalias-de-daniel-silveira-na-prisao-decorrem-de-apoio-de-policiais-a-bolsonaro-e-a-ataques-ao-stf"],"_links":{"self":[{"href":"https:\/\/blogs.correiobraziliense.com.br\/vicente\/wp-json\/wp\/v2\/posts\/17396","targetHints":{"allow":["GET"]}}],"collection":[{"href":"https:\/\/blogs.correiobraziliense.com.br\/vicente\/wp-json\/wp\/v2\/posts"}],"about":[{"href":"https:\/\/blogs.correiobraziliense.com.br\/vicente\/wp-json\/wp\/v2\/types\/post"}],"author":[{"embeddable":true,"href":"https:\/\/blogs.correiobraziliense.com.br\/vicente\/wp-json\/wp\/v2\/users\/22"}],"replies":[{"embeddable":true,"href":"https:\/\/blogs.correiobraziliense.com.br\/vicente\/wp-json\/wp\/v2\/comments?post=17396"}],"version-history":[{"count":1,"href":"https:\/\/blogs.correiobraziliense.com.br\/vicente\/wp-json\/wp\/v2\/posts\/17396\/revisions"}],"predecessor-version":[{"id":17398,"href":"https:\/\/blogs.correiobraziliense.com.br\/vicente\/wp-json\/wp\/v2\/posts\/17396\/revisions\/17398"}],"wp:featuredmedia":[{"embeddable":true,"href":"https:\/\/blogs.correiobraziliense.com.br\/vicente\/wp-json\/wp\/v2\/media\/17397"}],"wp:attachment":[{"href":"https:\/\/blogs.correiobraziliense.com.br\/vicente\/wp-json\/wp\/v2\/media?parent=17396"}],"wp:term":[{"taxonomy":"category","embeddable":true,"href":"https:\/\/blogs.correiobraziliense.com.br\/vicente\/wp-json\/wp\/v2\/categories?post=17396"},{"taxonomy":"post_tag","embeddable":true,"href":"https:\/\/blogs.correiobraziliense.com.br\/vicente\/wp-json\/wp\/v2\/tags?post=17396"}],"curies":[{"name":"wp","href":"https:\/\/api.w.org\/{rel}","templated":true}]}}