{"id":17394,"date":"2021-02-18T21:01:14","date_gmt":"2021-02-19T00:01:14","guid":{"rendered":"https:\/\/blogs.correiobraziliense.com.br\/vicente\/?p=17394"},"modified":"2021-02-18T21:41:45","modified_gmt":"2021-02-19T00:41:45","slug":"bolsonaro-ameaca-demitir-presidente-da-petrobras-mas-lhe-falta-coragem","status":"publish","type":"post","link":"https:\/\/blogs.correiobraziliense.com.br\/vicente\/bolsonaro-ameaca-demitir-presidente-da-petrobras-mas-lhe-falta-coragem\/","title":{"rendered":"Bolsonaro amea\u00e7a demitir presidente da Petrobras, mas lhe falta coragem"},"content":{"rendered":"<h2>Sem coragem para enfrentar o Supremo Tribunal Federal (STF), que mandou prender um de seus principais seguidores, o deputado Daniel Silveira, o presidente Jair Bolsonaro voltou as baterias para o presidente da Petrobras, Roberto Castello Branco. Em uma live nesta quinta-feira (18\/02), insinuou que poder\u00e1 demitir o executivo.<\/h2>\n<p>&nbsp;<\/p>\n<p>Segundo Bolsonaro, &#8220;o presidente da Petrobras disse, h\u00e1 poucos dias: &#8216;eu aumento o pre\u00e7o aqui e n\u00e3o tenho nada a ver com caminhoneiro&#8217;. Isso vai ter uma consequ\u00eancia nos pr\u00f3ximos dias, obviamente&#8221;. Para o presidente, a estatal est\u00e1 passando dos limites ao anunciar reajuste &#8220;excessivo&#8221; e &#8220;fora da curva&#8221; para o diesel.<\/p>\n<p>&nbsp;<\/p>\n<p>As declara\u00e7\u00f5es de Bolsonaro foram uma sinaliza\u00e7\u00e3o pol\u00edtica para os caminhoneiros, que est\u00e3o incomodados com os constantes reajustes do diesel. O aumento acumulado neste ano passa de 27%, dos quais 15% passar\u00e3o a valer a partir desta sexta-feira (19\/02).<\/p>\n<p>&nbsp;<\/p>\n<p>Bolsonaro j\u00e1 fez amea\u00e7as semelhantes ao secret\u00e1rio especial de Fazenda do Minist\u00e9rio da Economia, Waldery Rodrigues, e ao presidente do Banco do Brasil, Andr\u00e9 Brand\u00e3o. Os dois, no entanto, continuam trabalhando normalmente, sem se importarem com o presidente.<\/p>\n<p>&nbsp;<\/p>\n<p>Quem acompanha o dia a dia de Bolsonaro sabe que ele \u00e9 chegado a bravatas, mas, na hora de decidir, lhe falta o mais importante em um homem p\u00fablico, a coragem. Como disse um auxilar do presidente: &#8220;\u00c9 melhor dar um bom desconto ao que ele diz. Bolsonaro adora provocar estresse, mas n\u00e3o faz nada&#8221;.<\/p>\n<p>&nbsp;<\/p>\n<p><em>Bras\u00edlia, 21h01min<\/em><\/p>\n","protected":false},"excerpt":{"rendered":"<p>Sem coragem para enfrentar o Supremo Tribunal Federal (STF), que mandou prender um de seus principais seguidores, o deputado Daniel Silveira, o presidente Jair Bolsonaro voltou as baterias para o presidente da Petrobras, Roberto Castello Branco. Em uma live nesta quinta-feira (18\/02), insinuou que poder\u00e1 demitir o executivo. &nbsp; Segundo Bolsonaro, &#8220;o presidente da Petrobras [&hellip;]<\/p>\n","protected":false},"author":22,"featured_media":13776,"comment_status":"open","ping_status":"closed","sticky":false,"template":"","format":"standard","meta":{"footnotes":""},"categories":[600],"tags":[5201,378,589,5202,4547,2787],"class_list":["post-17394","post","type-post","status-publish","format-standard","has-post-thumbnail","hentry","category-economia","tag-bolsonaro-ameaca-demitir-presidente-da-petrobras","tag-brasil","tag-economia","tag-mas-lhe-falta-coragem","tag-negocios","tag-politica"],"_links":{"self":[{"href":"https:\/\/blogs.correiobraziliense.com.br\/vicente\/wp-json\/wp\/v2\/posts\/17394","targetHints":{"allow":["GET"]}}],"collection":[{"href":"https:\/\/blogs.correiobraziliense.com.br\/vicente\/wp-json\/wp\/v2\/posts"}],"about":[{"href":"https:\/\/blogs.correiobraziliense.com.br\/vicente\/wp-json\/wp\/v2\/types\/post"}],"author":[{"embeddable":true,"href":"https:\/\/blogs.correiobraziliense.com.br\/vicente\/wp-json\/wp\/v2\/users\/22"}],"replies":[{"embeddable":true,"href":"https:\/\/blogs.correiobraziliense.com.br\/vicente\/wp-json\/wp\/v2\/comments?post=17394"}],"version-history":[{"count":1,"href":"https:\/\/blogs.correiobraziliense.com.br\/vicente\/wp-json\/wp\/v2\/posts\/17394\/revisions"}],"predecessor-version":[{"id":17395,"href":"https:\/\/blogs.correiobraziliense.com.br\/vicente\/wp-json\/wp\/v2\/posts\/17394\/revisions\/17395"}],"wp:featuredmedia":[{"embeddable":true,"href":"https:\/\/blogs.correiobraziliense.com.br\/vicente\/wp-json\/wp\/v2\/media\/13776"}],"wp:attachment":[{"href":"https:\/\/blogs.correiobraziliense.com.br\/vicente\/wp-json\/wp\/v2\/media?parent=17394"}],"wp:term":[{"taxonomy":"category","embeddable":true,"href":"https:\/\/blogs.correiobraziliense.com.br\/vicente\/wp-json\/wp\/v2\/categories?post=17394"},{"taxonomy":"post_tag","embeddable":true,"href":"https:\/\/blogs.correiobraziliense.com.br\/vicente\/wp-json\/wp\/v2\/tags?post=17394"}],"curies":[{"name":"wp","href":"https:\/\/api.w.org\/{rel}","templated":true}]}}