{"id":17392,"date":"2021-02-18T20:01:44","date_gmt":"2021-02-18T23:01:44","guid":{"rendered":"https:\/\/blogs.correiobraziliense.com.br\/vicente\/?p=17392"},"modified":"2021-02-18T20:30:02","modified_gmt":"2021-02-18T23:30:02","slug":"bolsonaro-congela-preco-do-diesel-depois-de-reajustes-de-27-no-ano","status":"publish","type":"post","link":"https:\/\/blogs.correiobraziliense.com.br\/vicente\/bolsonaro-congela-preco-do-diesel-depois-de-reajustes-de-27-no-ano\/","title":{"rendered":"Bolsonaro congela pre\u00e7o do diesel depois de reajustes de 27% no ano"},"content":{"rendered":"<h2>Numa jogada de marketing para tentar acalmar o \u00e2nimo dos caminhoneiros, o presidente Jair Bolsonaro anunciou, em live nesta quinta-feira (18\/02), que a Petrobras congelar\u00e1 os pre\u00e7os dos diesel por dois meses. Ele omitiu, no entanto, que o congelamento veio depois de um reajuste superior a 27% no combust\u00edvel neste ano.<\/h2>\n<p>&nbsp;<\/p>\n<p>Ou seja, antes de o presidente anunciar o congelamento, a Petrobras garantiu sua margem de lucro. A estatal conseguir\u00e1 atravessar esses dois meses sem ter perdas com o diesel. O que \u00e9 da empresa est\u00e1 garantido.<\/p>\n<p>&nbsp;<\/p>\n<p>Portanto, n\u00e3o h\u00e1 nada a comemorar por parte dos caminhoneiros. Na verdade, eles est\u00e3o sendo engambelados por Bolsonaro, que diz esta fazendo algo em favor da categoria. N\u00e3o est\u00e1. O que o presidente anunciou foi uma a\u00e7\u00e3o pol\u00edtica.<\/p>\n<p>&nbsp;<\/p>\n<p>O mais recente aumento do diesel entrar\u00e1 em vigor nesta sexta-feira (19\/02). A Petrobras informou que o reajuste nas refinarias foi de 15% apenas desta vez. \u00c9 muito, o que confirma que parte do aumento foi antecipado para facilitar o trabalho de Bolsonaro.<\/p>\n<p>&nbsp;<\/p>\n<p><em>Bras\u00edlia,\u00a0 20h01min<\/em><\/p>\n","protected":false},"excerpt":{"rendered":"<p>Numa jogada de marketing para tentar acalmar o \u00e2nimo dos caminhoneiros, o presidente Jair Bolsonaro anunciou, em live nesta quinta-feira (18\/02), que a Petrobras congelar\u00e1 os pre\u00e7os dos diesel por dois meses. Ele omitiu, no entanto, que o congelamento veio depois de um reajuste superior a 27% no combust\u00edvel neste ano. &nbsp; Ou seja, antes [&hellip;]<\/p>\n","protected":false},"author":22,"featured_media":8087,"comment_status":"open","ping_status":"closed","sticky":false,"template":"","format":"standard","meta":{"footnotes":""},"categories":[600],"tags":[5200,589,4547,2787],"class_list":["post-17392","post","type-post","status-publish","format-standard","has-post-thumbnail","hentry","category-economia","tag-bolsonaro-congela-preco-do-diesel-depois-de-reajustes-de-27-no-ano","tag-economia","tag-negocios","tag-politica"],"_links":{"self":[{"href":"https:\/\/blogs.correiobraziliense.com.br\/vicente\/wp-json\/wp\/v2\/posts\/17392","targetHints":{"allow":["GET"]}}],"collection":[{"href":"https:\/\/blogs.correiobraziliense.com.br\/vicente\/wp-json\/wp\/v2\/posts"}],"about":[{"href":"https:\/\/blogs.correiobraziliense.com.br\/vicente\/wp-json\/wp\/v2\/types\/post"}],"author":[{"embeddable":true,"href":"https:\/\/blogs.correiobraziliense.com.br\/vicente\/wp-json\/wp\/v2\/users\/22"}],"replies":[{"embeddable":true,"href":"https:\/\/blogs.correiobraziliense.com.br\/vicente\/wp-json\/wp\/v2\/comments?post=17392"}],"version-history":[{"count":1,"href":"https:\/\/blogs.correiobraziliense.com.br\/vicente\/wp-json\/wp\/v2\/posts\/17392\/revisions"}],"predecessor-version":[{"id":17393,"href":"https:\/\/blogs.correiobraziliense.com.br\/vicente\/wp-json\/wp\/v2\/posts\/17392\/revisions\/17393"}],"wp:featuredmedia":[{"embeddable":true,"href":"https:\/\/blogs.correiobraziliense.com.br\/vicente\/wp-json\/wp\/v2\/media\/8087"}],"wp:attachment":[{"href":"https:\/\/blogs.correiobraziliense.com.br\/vicente\/wp-json\/wp\/v2\/media?parent=17392"}],"wp:term":[{"taxonomy":"category","embeddable":true,"href":"https:\/\/blogs.correiobraziliense.com.br\/vicente\/wp-json\/wp\/v2\/categories?post=17392"},{"taxonomy":"post_tag","embeddable":true,"href":"https:\/\/blogs.correiobraziliense.com.br\/vicente\/wp-json\/wp\/v2\/tags?post=17392"}],"curies":[{"name":"wp","href":"https:\/\/api.w.org\/{rel}","templated":true}]}}