{"id":17389,"date":"2021-02-18T18:01:53","date_gmt":"2021-02-18T21:01:53","guid":{"rendered":"https:\/\/blogs.correiobraziliense.com.br\/vicente\/?p=17389"},"modified":"2021-02-24T18:29:33","modified_gmt":"2021-02-24T21:29:33","slug":"minha-honra-esta-sendo-restabelecida-diz-auditor-que-sera-reintegrado-ao-banco-do-brasil","status":"publish","type":"post","link":"https:\/\/blogs.correiobraziliense.com.br\/vicente\/minha-honra-esta-sendo-restabelecida-diz-auditor-que-sera-reintegrado-ao-banco-do-brasil\/","title":{"rendered":"&#8220;Minha honra est\u00e1 sendo restabelecida&#8221;, diz auditor que ser\u00e1 reintegrado ao Banco do Brasil"},"content":{"rendered":"<h2>Aurieli Carlos Balestrini est\u00e1 de alma lavada. <a href=\"https:\/\/blogs.correiobraziliense.com.br\/vicente\/justica-determina-a-reintegracao-de-auditor-geral-aos-quadros-do-banco-do-brasil\/\">Com a decis\u00e3o da Justi\u00e7a que obriga o Banco do Brasil a reintegr\u00e1-lo<\/a> a seu quadro de pessoal, o executivo, demitido por justa causa do cargo de auditor-geral, diz que a &#8220;honra dele est\u00e1 sendo restabelecida&#8221;. Ele e um gerente perderam todos os direitos trabalhistas, outros seis funcion\u00e1rios perderam os cargos, acusados de fraudes em um programa de demiss\u00e3o volunt\u00e1ria (PDV).<\/h2>\n<p>&nbsp;<\/p>\n<p>\u201cAl\u00e9m de n\u00e3o ter havido fraude, o processo disciplinar foi conduzido de forma irregular. A decis\u00e3o d\u00e1 in\u00edcio \u00e0 repara\u00e7\u00e3o da injusti\u00e7a que fui vitimado e que ainda faz sofrer minha fam\u00edlia e amigos. Al\u00e9m da minha honra que est\u00e1 sendo restabelecida, penso que a decis\u00e3o faz acreditar na Justi\u00e7a, e que n\u00e3o basta \u00e0s pessoas terem poder para impor seus desejos e sofrimentos aos outros\u201d, diz Balestrini.<\/p>\n<p>&nbsp;<\/p>\n<p>A decis\u00e3o obrigando o Banco do Brasil a reintegrar o auditor a seus quadros foi tomada pelo\u00a0juiz substituto do Trabalho, Rossifran Trindade Souza. O magistrado deu cinco dias \u00fateis para que o BB cumpra a determina\u00e7\u00e3o. Como a limitar saiu em 10 de fevereiro, o prazo acaba nesta quinta-feira (18\/02). At\u00e9 agora, por\u00e9m, a institui\u00e7\u00e3o n\u00e3o procurou o executivo.<\/p>\n<p>&nbsp;<\/p>\n<p>Balestrini foi demitido por justa causa em agosto de 2020. Para reverter esse ato, o juiz levou em considera\u00e7\u00e3o parecer da Controladoria-Geral da Uni\u00e3o (CGU), que colocou em suspei\u00e7\u00e3o os argumentos apresentados pelo Banco do Brasil para a demiss\u00e3o sum\u00e1ria.<\/p>\n<p>&nbsp;<\/p>\n<p>Segundo Luciano Andrade Pinheiro, advogado trabalhista e s\u00f3cio do Corr\u00eaa da Veiga Advogados, que representa o auditor,\u00a0\u201ca decis\u00e3o do juiz foi acertada, porque a nota t\u00e9cnica da CGU, que fundamenta a decis\u00e3o, \u00e9 muito contundente&#8221;.<\/p>\n<p>&nbsp;<\/p>\n<p>Na vis\u00e3o do advogado, a CGU &#8220;aponta os erros formais que foram cometidos na condu\u00e7\u00e3o do processo, al\u00e9m da inconsist\u00eancia da penalidade diante dos fatos que foram apurados, sobretudo para algu\u00e9m que exercia no Banco o cargo de fiscalizar os atos da pr\u00f3pria Institui\u00e7\u00e3o. Al\u00e9m disso, foi demitido de uma forma arbitr\u00e1ria, sem que seu direito de defesa fosse assegurado\u201d.<\/p>\n<p>&nbsp;<\/p>\n<p><em>Bras\u00edlia, 18h01min<\/em><\/p>\n","protected":false},"excerpt":{"rendered":"<p>Aurieli Carlos Balestrini est\u00e1 de alma lavada. Com a decis\u00e3o da Justi\u00e7a que obriga o Banco do Brasil a reintegr\u00e1-lo a seu quadro de pessoal, o executivo, demitido por justa causa do cargo de auditor-geral, diz que a &#8220;honra dele est\u00e1 sendo restabelecida&#8221;. Ele e um gerente perderam todos os direitos trabalhistas, outros seis funcion\u00e1rios [&hellip;]<\/p>\n","protected":false},"author":22,"featured_media":11451,"comment_status":"open","ping_status":"closed","sticky":false,"template":"","format":"standard","meta":{"footnotes":""},"categories":[600],"tags":[5198,5199,589,4943,4547],"class_list":["post-17389","post","type-post","status-publish","format-standard","has-post-thumbnail","hentry","category-economia","tag-minha-honra-esta-sendo-restabelecida","tag-diz-auditor-que-sera-reintegrado-ao-banco-do-brasil","tag-economia","tag-financas","tag-negocios"],"_links":{"self":[{"href":"https:\/\/blogs.correiobraziliense.com.br\/vicente\/wp-json\/wp\/v2\/posts\/17389","targetHints":{"allow":["GET"]}}],"collection":[{"href":"https:\/\/blogs.correiobraziliense.com.br\/vicente\/wp-json\/wp\/v2\/posts"}],"about":[{"href":"https:\/\/blogs.correiobraziliense.com.br\/vicente\/wp-json\/wp\/v2\/types\/post"}],"author":[{"embeddable":true,"href":"https:\/\/blogs.correiobraziliense.com.br\/vicente\/wp-json\/wp\/v2\/users\/22"}],"replies":[{"embeddable":true,"href":"https:\/\/blogs.correiobraziliense.com.br\/vicente\/wp-json\/wp\/v2\/comments?post=17389"}],"version-history":[{"count":3,"href":"https:\/\/blogs.correiobraziliense.com.br\/vicente\/wp-json\/wp\/v2\/posts\/17389\/revisions"}],"predecessor-version":[{"id":17435,"href":"https:\/\/blogs.correiobraziliense.com.br\/vicente\/wp-json\/wp\/v2\/posts\/17389\/revisions\/17435"}],"wp:featuredmedia":[{"embeddable":true,"href":"https:\/\/blogs.correiobraziliense.com.br\/vicente\/wp-json\/wp\/v2\/media\/11451"}],"wp:attachment":[{"href":"https:\/\/blogs.correiobraziliense.com.br\/vicente\/wp-json\/wp\/v2\/media?parent=17389"}],"wp:term":[{"taxonomy":"category","embeddable":true,"href":"https:\/\/blogs.correiobraziliense.com.br\/vicente\/wp-json\/wp\/v2\/categories?post=17389"},{"taxonomy":"post_tag","embeddable":true,"href":"https:\/\/blogs.correiobraziliense.com.br\/vicente\/wp-json\/wp\/v2\/tags?post=17389"}],"curies":[{"name":"wp","href":"https:\/\/api.w.org\/{rel}","templated":true}]}}