{"id":17387,"date":"2021-02-11T18:25:12","date_gmt":"2021-02-11T21:25:12","guid":{"rendered":"https:\/\/blogs.correiobraziliense.com.br\/vicente\/?p=17387"},"modified":"2021-02-11T19:04:16","modified_gmt":"2021-02-11T22:04:16","slug":"bolsonaro-e-centrao-encurralam-guedes-e-auxilio-emergencial-voltara","status":"publish","type":"post","link":"https:\/\/blogs.correiobraziliense.com.br\/vicente\/bolsonaro-e-centrao-encurralam-guedes-e-auxilio-emergencial-voltara\/","title":{"rendered":"Bolsonaro e Centr\u00e3o encurralam Guedes e aux\u00edlio emergencial voltar\u00e1"},"content":{"rendered":"<h2>Numa jogada estrat\u00e9gica, o presidente Jair Bolsonaro e o Centr\u00e3o encurralaram o ministro da Economia, Paulo Guedes, que foi obrigado a assumir que o governo voltar\u00e1 com o aux\u00edlio emergencial. Diante do que disseram o chefe do Executivo e os presidentes da C\u00e2mara, Arthur Lira, e o presidente do Senado, Rodrigo Pacheco, n\u00e3o restou alternativa ao ministro, que revelou que a proposta sobre o benef\u00edcio j\u00e1 est\u00e1 pronta.<\/h2>\n<p>&nbsp;<\/p>\n<p>A press\u00e3o sobre Guedes come\u00e7ou na quarta-feira (10\/02), quando o presidente do Senado disse que o retorno do aux\u00edlio emergencial n\u00e3o poderia est\u00e1 vinculado \u00e0 qualquer proposta de reforma constitucional, devido \u00e0 urg\u00eancia do assunto. Nesta quinta-feira (11\/02), assim que chegou \u00e0 C\u00e2mara, Arthur Lira disse que o benef\u00edcio era urgente, pois &#8220;a situa\u00e7\u00e3o est\u00e1 ficando cr\u00edtica&#8221;.<\/p>\n<p>&nbsp;<\/p>\n<p>Pouco tempo depois, foi a vez de Bolsonaro dizer que o aux\u00edlio emergencial voltar\u00e1 em mar\u00e7o e ser\u00e1 pago em quatro parcelas. A partir da\u00ed, n\u00e3o restou mais d\u00favida de que, se n\u00e3o cumprir o que est\u00e1 determinado, Guedes enfrentar\u00e1 um tiroteio. Sua cabe\u00e7a estar\u00e1 a pr\u00eamio.<\/p>\n<p>&nbsp;<\/p>\n<p>Bolsonaro e o Centr\u00e3o est\u00e3o fechados em um projeto pol\u00edtico, que \u00e9 reeleger o presidente e garantir um longo dom\u00ednio para o grupo na C\u00e2mara o Senado. Nada garante, por\u00e9m, que esse entendimento durar\u00e1 por muito tempo. Mas, neste momento, h\u00e1 um desejo de manter esse n\u00facleo de poder.<\/p>\n<p>&nbsp;<\/p>\n<p>Como n\u00e3o quer deixar o governo, Guedes far\u00e1 o que Bolsonaro e o Centr\u00e3o quiserem. N\u00e3o adiantar\u00e1 a equipe do ministro espernear, pedindo responsabilidade fiscal. H\u00e1 um objetivo maior neste momento: pavimentar o caminho para a reelei\u00e7\u00e3o em 2022.<\/p>\n<p>&nbsp;<\/p>\n<p>Tudo o que puder desviar Bolsonaro desse caminho ser\u00e1 defenestrado. O Centr\u00e3o convenceu o presidente da Rep\u00fablica de que ele precisa sustentar o papel de &#8220;pai dos pobres&#8221;. Foi esse figurino que elevou a popularidade presidencial. E foi o fim do aux\u00edlio que come\u00e7ou a corroer o apoio popular.<\/p>\n<p>&nbsp;<\/p>\n<p>O Centr\u00e3o alimenta o desejo de poder de Bolsonaro, mas vai cobrar caro por isso. Guedes deve se preparar para quitar a fatura. Vai chiar aqui e ali, mas sempre entregar\u00e1 o que ser\u00e1 determinado. O jogo est\u00e1 dado.<\/p>\n<p>&nbsp;<\/p>\n<p><em>Bras\u00edlia, 18h25min<\/em><\/p>\n","protected":false},"excerpt":{"rendered":"<p>Numa jogada estrat\u00e9gica, o presidente Jair Bolsonaro e o Centr\u00e3o encurralaram o ministro da Economia, Paulo Guedes, que foi obrigado a assumir que o governo voltar\u00e1 com o aux\u00edlio emergencial. Diante do que disseram o chefe do Executivo e os presidentes da C\u00e2mara, Arthur Lira, e o presidente do Senado, Rodrigo Pacheco, n\u00e3o restou alternativa [&hellip;]<\/p>\n","protected":false},"author":22,"featured_media":15234,"comment_status":"open","ping_status":"closed","sticky":false,"template":"","format":"standard","meta":{"footnotes":""},"categories":[600],"tags":[5197,589,4547,2526,2787],"class_list":["post-17387","post","type-post","status-publish","format-standard","has-post-thumbnail","hentry","category-economia","tag-bolsonaro-e-centrao-encurralam-guedes-e-auxilio-emergencial-voltara","tag-economia","tag-negocios","tag-poder","tag-politica"],"_links":{"self":[{"href":"https:\/\/blogs.correiobraziliense.com.br\/vicente\/wp-json\/wp\/v2\/posts\/17387","targetHints":{"allow":["GET"]}}],"collection":[{"href":"https:\/\/blogs.correiobraziliense.com.br\/vicente\/wp-json\/wp\/v2\/posts"}],"about":[{"href":"https:\/\/blogs.correiobraziliense.com.br\/vicente\/wp-json\/wp\/v2\/types\/post"}],"author":[{"embeddable":true,"href":"https:\/\/blogs.correiobraziliense.com.br\/vicente\/wp-json\/wp\/v2\/users\/22"}],"replies":[{"embeddable":true,"href":"https:\/\/blogs.correiobraziliense.com.br\/vicente\/wp-json\/wp\/v2\/comments?post=17387"}],"version-history":[{"count":1,"href":"https:\/\/blogs.correiobraziliense.com.br\/vicente\/wp-json\/wp\/v2\/posts\/17387\/revisions"}],"predecessor-version":[{"id":17388,"href":"https:\/\/blogs.correiobraziliense.com.br\/vicente\/wp-json\/wp\/v2\/posts\/17387\/revisions\/17388"}],"wp:featuredmedia":[{"embeddable":true,"href":"https:\/\/blogs.correiobraziliense.com.br\/vicente\/wp-json\/wp\/v2\/media\/15234"}],"wp:attachment":[{"href":"https:\/\/blogs.correiobraziliense.com.br\/vicente\/wp-json\/wp\/v2\/media?parent=17387"}],"wp:term":[{"taxonomy":"category","embeddable":true,"href":"https:\/\/blogs.correiobraziliense.com.br\/vicente\/wp-json\/wp\/v2\/categories?post=17387"},{"taxonomy":"post_tag","embeddable":true,"href":"https:\/\/blogs.correiobraziliense.com.br\/vicente\/wp-json\/wp\/v2\/tags?post=17387"}],"curies":[{"name":"wp","href":"https:\/\/api.w.org\/{rel}","templated":true}]}}