{"id":17373,"date":"2021-02-09T19:01:01","date_gmt":"2021-02-09T22:01:01","guid":{"rendered":"https:\/\/blogs.correiobraziliense.com.br\/vicente\/?p=17373"},"modified":"2021-02-10T20:15:10","modified_gmt":"2021-02-10T23:15:10","slug":"presidente-do-banco-do-brasil-manda-acelerar-fechamento-de-agencias","status":"publish","type":"post","link":"https:\/\/blogs.correiobraziliense.com.br\/vicente\/presidente-do-banco-do-brasil-manda-acelerar-fechamento-de-agencias\/","title":{"rendered":"Presidente do Banco do Brasil manda acelerar fechamento de ag\u00eancias"},"content":{"rendered":"<h2>Depois do sucesso nos planos de demiss\u00e3o volunt\u00e1ria \u2014 5.533 funcion\u00e1rios aderiram aos programas, que pagar\u00e3o at\u00e9 R$ 450 mil de indeniza\u00e7\u00e3o \u2014, o presidente do Banco do Brasil, Andr\u00e9 Brand\u00e3o, vai acelerar o processo de fechamento de 361 pontos de atendimento, sendo 112 ag\u00eancias.<\/h2>\n<p>&nbsp;<\/p>\n<p>A meta \u00e9 encerrar todo o processo de reestrutura\u00e7\u00e3o at\u00e9 junho, para que os resultados j\u00e1 apare\u00e7am no balan\u00e7o do Banco do Brasil no segundo semestre. Por sinal, o BB apresenta, nesta quinta-feira (11\/02), as demonstra\u00e7\u00f5es financeiras de 2020. Bradesco, Ita\u00fa Unibanco e Santander registraram lucros menores do que em 2019.<\/p>\n<p>&nbsp;<\/p>\n<p>Pelos planejamentos do Banco do Brasil, a economia com as demiss\u00f5es volunt\u00e1rias \u2014 o custo do programa ser\u00e1 apresentado com o balan\u00e7o de 2020 \u2014 e com o fechamento de postos de atendimento ser\u00e1 superior a R$ 300 milh\u00f5es neste ano e de R$ 2,7 bilh\u00f5es at\u00e9 2025.<\/p>\n<p>&nbsp;<\/p>\n<p>Brand\u00e3o n\u00e3o quer fazer muito barulho em cima do programa de reestrutura\u00e7\u00e3o, pois quase perdeu o cargo porque pol\u00edticos foram pedir ao presidente Jair Bolsonaro que o BB suspendesse o fechamento de ag\u00eancias. O presidente da Rep\u00fablica amea\u00e7ou o subordinado de demiss\u00e3o.<\/p>\n<p>&nbsp;<\/p>\n<p><strong>Poder ficou na l\u00edngua<\/strong><\/p>\n<p>&nbsp;<\/p>\n<p>O chefe do Executivo, no entanto, jogou para a plateia. Todo o processo de ajuste do Banco do Brasil foi acertado com o ministro da Economia, Paulo Guedes, e passou pelo crivo do Pal\u00e1cio do Planalto. O poder de Bolsonaro ficou s\u00f3 na l\u00edngua.<\/p>\n<p>&nbsp;<\/p>\n<p>O Banco do Brasil justifica que a reestrutura\u00e7\u00e3o \u00e9 urgente, para se tornar mais competitivo e enfrentar novos concorrentes, como as fintechs e os bancos digitais, que v\u00eam apresentando crescimento espetacular.<\/p>\n<p>&nbsp;<\/p>\n<p>A estrutura atual do BB \u00e9 considerada inchada e incompat\u00edvel com as de seus principais concorrentes, que, por terem controle privado, t\u00eam mais agilidade na tomada de decis\u00f5es. O Banco do Brasil enfrenta uma s\u00e9rie de burocracia da m\u00e1quina estatal.<\/p>\n<p>&nbsp;<\/p>\n<p><em>Bras\u00edlia, 19h01min<\/em><\/p>\n","protected":false},"excerpt":{"rendered":"<p>Depois do sucesso nos planos de demiss\u00e3o volunt\u00e1ria \u2014 5.533 funcion\u00e1rios aderiram aos programas, que pagar\u00e3o at\u00e9 R$ 450 mil de indeniza\u00e7\u00e3o \u2014, o presidente do Banco do Brasil, Andr\u00e9 Brand\u00e3o, vai acelerar o processo de fechamento de 361 pontos de atendimento, sendo 112 ag\u00eancias. &nbsp; A meta \u00e9 encerrar todo o processo de reestrutura\u00e7\u00e3o [&hellip;]<\/p>\n","protected":false},"author":22,"featured_media":11457,"comment_status":"open","ping_status":"closed","sticky":false,"template":"","format":"standard","meta":{"footnotes":""},"categories":[600],"tags":[589,4943,4547,2526,2787,5195],"class_list":["post-17373","post","type-post","status-publish","format-standard","has-post-thumbnail","hentry","category-economia","tag-economia","tag-financas","tag-negocios","tag-poder","tag-politica","tag-presidente-do-banco-do-brasil-manda-acelerar-fechamento-de-agencias"],"_links":{"self":[{"href":"https:\/\/blogs.correiobraziliense.com.br\/vicente\/wp-json\/wp\/v2\/posts\/17373","targetHints":{"allow":["GET"]}}],"collection":[{"href":"https:\/\/blogs.correiobraziliense.com.br\/vicente\/wp-json\/wp\/v2\/posts"}],"about":[{"href":"https:\/\/blogs.correiobraziliense.com.br\/vicente\/wp-json\/wp\/v2\/types\/post"}],"author":[{"embeddable":true,"href":"https:\/\/blogs.correiobraziliense.com.br\/vicente\/wp-json\/wp\/v2\/users\/22"}],"replies":[{"embeddable":true,"href":"https:\/\/blogs.correiobraziliense.com.br\/vicente\/wp-json\/wp\/v2\/comments?post=17373"}],"version-history":[{"count":2,"href":"https:\/\/blogs.correiobraziliense.com.br\/vicente\/wp-json\/wp\/v2\/posts\/17373\/revisions"}],"predecessor-version":[{"id":17375,"href":"https:\/\/blogs.correiobraziliense.com.br\/vicente\/wp-json\/wp\/v2\/posts\/17373\/revisions\/17375"}],"wp:featuredmedia":[{"embeddable":true,"href":"https:\/\/blogs.correiobraziliense.com.br\/vicente\/wp-json\/wp\/v2\/media\/11457"}],"wp:attachment":[{"href":"https:\/\/blogs.correiobraziliense.com.br\/vicente\/wp-json\/wp\/v2\/media?parent=17373"}],"wp:term":[{"taxonomy":"category","embeddable":true,"href":"https:\/\/blogs.correiobraziliense.com.br\/vicente\/wp-json\/wp\/v2\/categories?post=17373"},{"taxonomy":"post_tag","embeddable":true,"href":"https:\/\/blogs.correiobraziliense.com.br\/vicente\/wp-json\/wp\/v2\/tags?post=17373"}],"curies":[{"name":"wp","href":"https:\/\/api.w.org\/{rel}","templated":true}]}}