{"id":17371,"date":"2021-02-09T16:41:40","date_gmt":"2021-02-09T19:41:40","guid":{"rendered":"https:\/\/blogs.correiobraziliense.com.br\/vicente\/?p=17371"},"modified":"2021-02-09T19:05:17","modified_gmt":"2021-02-09T22:05:17","slug":"ernesto-araujo-e-ricardo-salles-se-divertem-com-desgraca-de-mourao","status":"publish","type":"post","link":"https:\/\/blogs.correiobraziliense.com.br\/vicente\/ernesto-araujo-e-ricardo-salles-se-divertem-com-desgraca-de-mourao\/","title":{"rendered":"Ernesto Ara\u00fajo e Ricardo Salles se divertem com desgra\u00e7a de Mour\u00e3o"},"content":{"rendered":"<h2>Se tem uma dupla feliz com a desgra\u00e7a vivida pelo vice-presidente da Rep\u00fablica, general Hamilton Mour\u00e3o, dentro do governo, ela \u00e9 formada pelos ministros Ernesto Ara\u00fajo (Rela\u00e7\u00f5es Exteriores) e Ricardo Salles (Meio Ambiente).<\/h2>\n<p>&nbsp;<\/p>\n<p>Os dois s\u00e3o os principais detratores de Mour\u00e3o na Esplanada dos Minist\u00e9rios e trabalharam pesado para afastar o presidente Jair Bolsonaro do vice. Tudo, \u00e9 claro, com a for\u00e7a dos filhos do chefe do executivo, que detestam o general.<\/p>\n<p>&nbsp;<\/p>\n<p>Ernesto tem certeza de que Mour\u00e3o quer v\u00ea-lo fora do governo. O general disse que, em uma reforma ministerial, o chefe do Itamaraty seria demitido. Em defesa de Ernesto, Bolsonaro chamou o vice de &#8220;palpiteiro&#8221;.<\/p>\n<p>&nbsp;<\/p>\n<p>Salles, por sua vez, atribui a Mour\u00e3o parte dos ataques recebe. O ministro acredita que assessores do general abastecem os detratores da pol\u00edtica ambiental do governo. Acredita, ainda, que o vice lhe tirou parte dos poderes.<\/p>\n<p>&nbsp;<\/p>\n<p>Agora, dizem integrantes do Planalto, Ernesto e Salles est\u00e3o tripudiando em cima de Mour\u00e3o. Conseguiram o que queriam, ou seja, afastar o vice de todas as decis\u00f5es do governo ao alimentarem, sobretudo, que o general n\u00e3o \u00e9 confi\u00e1vel.<\/p>\n<p>&nbsp;<\/p>\n<p>Nesta ter\u00e7a-feira (09\/02), Bolsonaro deixou Mour\u00e3o de fora de uma reuni\u00e3o ministerial. Como n\u00e3o quer passar recibo, Mour\u00e3o diz que n\u00e3o est\u00e1 incomodando com a forma que vem sendo tratado.<\/p>\n<p>&nbsp;<\/p>\n<p>A gota d\u00b4\u00e1gua para o rompimento do presidente com o vice foi um di\u00e1logo entre um assessor do general com um funcion\u00e1rio da C\u00e2mara dos Deputado no qual se levanta a possibilidade de impeachment de Bolsonaro.<\/p>\n<p>&nbsp;<\/p>\n<p>Depois disso, o presidente enterrou qualquer possibilidade de di\u00e1logo com Mour\u00e3o. Quem acompanha o dia a dia do governo, n\u00e3o acredita na reconstru\u00e7\u00e3o de uma ponte entre eles. N\u00e3o t\u00e3o cedo.<\/p>\n<p>&nbsp;<\/p>\n<p><em>Bras\u00edlia, 16h41min<\/em><\/p>\n","protected":false},"excerpt":{"rendered":"<p>Se tem uma dupla feliz com a desgra\u00e7a vivida pelo vice-presidente da Rep\u00fablica, general Hamilton Mour\u00e3o, dentro do governo, ela \u00e9 formada pelos ministros Ernesto Ara\u00fajo (Rela\u00e7\u00f5es Exteriores) e Ricardo Salles (Meio Ambiente). &nbsp; Os dois s\u00e3o os principais detratores de Mour\u00e3o na Esplanada dos Minist\u00e9rios e trabalharam pesado para afastar o presidente Jair Bolsonaro [&hellip;]<\/p>\n","protected":false},"author":22,"featured_media":16410,"comment_status":"open","ping_status":"closed","sticky":false,"template":"","format":"standard","meta":{"footnotes":""},"categories":[600],"tags":[926,5194,2526,2787],"class_list":["post-17371","post","type-post","status-publish","format-standard","has-post-thumbnail","hentry","category-economia","tag-brasilia","tag-ernesto-araujo-e-ricardo-salles-se-divertem-com-desgraca-de-mourao","tag-poder","tag-politica"],"_links":{"self":[{"href":"https:\/\/blogs.correiobraziliense.com.br\/vicente\/wp-json\/wp\/v2\/posts\/17371","targetHints":{"allow":["GET"]}}],"collection":[{"href":"https:\/\/blogs.correiobraziliense.com.br\/vicente\/wp-json\/wp\/v2\/posts"}],"about":[{"href":"https:\/\/blogs.correiobraziliense.com.br\/vicente\/wp-json\/wp\/v2\/types\/post"}],"author":[{"embeddable":true,"href":"https:\/\/blogs.correiobraziliense.com.br\/vicente\/wp-json\/wp\/v2\/users\/22"}],"replies":[{"embeddable":true,"href":"https:\/\/blogs.correiobraziliense.com.br\/vicente\/wp-json\/wp\/v2\/comments?post=17371"}],"version-history":[{"count":1,"href":"https:\/\/blogs.correiobraziliense.com.br\/vicente\/wp-json\/wp\/v2\/posts\/17371\/revisions"}],"predecessor-version":[{"id":17372,"href":"https:\/\/blogs.correiobraziliense.com.br\/vicente\/wp-json\/wp\/v2\/posts\/17371\/revisions\/17372"}],"wp:featuredmedia":[{"embeddable":true,"href":"https:\/\/blogs.correiobraziliense.com.br\/vicente\/wp-json\/wp\/v2\/media\/16410"}],"wp:attachment":[{"href":"https:\/\/blogs.correiobraziliense.com.br\/vicente\/wp-json\/wp\/v2\/media?parent=17371"}],"wp:term":[{"taxonomy":"category","embeddable":true,"href":"https:\/\/blogs.correiobraziliense.com.br\/vicente\/wp-json\/wp\/v2\/categories?post=17371"},{"taxonomy":"post_tag","embeddable":true,"href":"https:\/\/blogs.correiobraziliense.com.br\/vicente\/wp-json\/wp\/v2\/tags?post=17371"}],"curies":[{"name":"wp","href":"https:\/\/api.w.org\/{rel}","templated":true}]}}