{"id":17361,"date":"2021-02-08T13:26:12","date_gmt":"2021-02-08T16:26:12","guid":{"rendered":"https:\/\/blogs.correiobraziliense.com.br\/vicente\/?p=17361"},"modified":"2021-02-08T13:26:12","modified_gmt":"2021-02-08T16:26:12","slug":"fmi-estima-que-mais-de-16-milhoes-de-pessoas-da-al-cairam-na-pobreza","status":"publish","type":"post","link":"https:\/\/blogs.correiobraziliense.com.br\/vicente\/fmi-estima-que-mais-de-16-milhoes-de-pessoas-da-al-cairam-na-pobreza\/","title":{"rendered":"FMI estima que mais de 16 milh\u00f5es de pessoas da AL ca\u00edram na pobreza"},"content":{"rendered":"<p>ROSANA HESSEL<\/p>\n<p>&nbsp;<\/p>\n<p>Apesar de elevar a previs\u00e3o de crescimento do Produto Interno Bruto (PIB) da Am\u00e9rica Latina em 2021, de 3,6% para 4,1%, o Fundo Monet\u00e1rio Internacional (FMI) faz alerta para o aumento da desigualdade na regi\u00e3o. Pelas estimativas de especialistas do organismo multilateral, mais de 16 milh\u00f5es de pessoas ca\u00edram na pobreza devido \u00e0 crise provocada pela pandemia da covid-19 e podem n\u00e3o melhorar de vida se n\u00e3o houver sucesso nos processos de vacina\u00e7\u00e3o.<\/p>\n<p>&nbsp;<\/p>\n<p>&#8220;O emprego permanece abaixo dos n\u00edveis anteriores \u00e0 crise e a desigualdade, provavelmente, aumentou na maioria dos pa\u00edses. Mais de 18 milh\u00f5es de pessoas foram infectadas e meio milh\u00e3o morreram. A falha em conter novas infec\u00e7\u00f5es, a imposi\u00e7\u00e3o de novos bloqueios e a consequente mudan\u00e7a no comportamento das pessoas pesariam no crescimento&#8221;, destacou um relat\u00f3rio divulgado pelo Blog do Fundo assinado pelos economistas\u00a0Alejandro Werner, Anna Ivanova, and Takuji Komatsuzaki.<\/p>\n<p>&nbsp;<\/p>\n<p>O relat\u00f3rio informou que uma recupera\u00e7\u00e3o mais fraca nos mercados de trabalho &#8220;causaria danos sociais mais permanentes.&#8221; &#8220;Uma mudan\u00e7a repentina no sentimento dos investidores internacionais pressionaria os pa\u00edses com vulnerabilidades fiscais e externas&#8221;, acrescentou.<\/p>\n<p>&nbsp;<\/p>\n<p>Contudo, o lado positivo apontado pelos analistas \u00e9 o avan\u00e7o da vacina\u00e7\u00e3o, &#8220;com a qual a maioria dos pa\u00edses est\u00e1 fortemente comprometida, bem como o apoio fiscal adicional criariam as condi\u00e7\u00f5es para uma recupera\u00e7\u00e3o mais r\u00e1pida&#8221;.<\/p>\n<p>&nbsp;<\/p>\n<p>Logo, a previs\u00e3o agregada mascara diferen\u00e7as importantes entre os pa\u00edses, de acordo com o estudo que aponta uma recupera\u00e7\u00e3o desigual na regi\u00e3o. Embora o crescimento neste ano no Brasil, M\u00e9xico, Chile, Col\u00f4mbia e Peru tenha sido revisados para cima, ele foi rebaixado para o Caribe, de 4% para 2,4%, porque a retomada da atividade vital de viagens e turismo foi muito mais lenta do que o previsto.<\/p>\n<p>&nbsp;<\/p>\n<p>O FMI passou a prever,\u00a0 por exemplo, avan\u00e7o de 3,6% do PIB brasileiro, dado 0,8 ponto percentual acima dos 2,8% estimados em outubro de 2020. A nova proje\u00e7\u00e3o est\u00e1 mais otimista do que a mediana das estimativas do mercado, que, conforme o boletim semanal Focus, do Banco Central, foi reduzida, nesta segunda-feira (08\/02), de 3,50% para 3,47%, em grande parte, devido ao atraso no processo de vacina\u00e7\u00e3o no pa\u00eds.<\/p>\n<p>&nbsp;<\/p>\n","protected":false},"excerpt":{"rendered":"<p>ROSANA HESSEL &nbsp; Apesar de elevar a previs\u00e3o de crescimento do Produto Interno Bruto (PIB) da Am\u00e9rica Latina em 2021, de 3,6% para 4,1%, o Fundo Monet\u00e1rio Internacional (FMI) faz alerta para o aumento da desigualdade na regi\u00e3o. Pelas estimativas de especialistas do organismo multilateral, mais de 16 milh\u00f5es de pessoas ca\u00edram na pobreza devido [&hellip;]<\/p>\n","protected":false},"author":22,"featured_media":16216,"comment_status":"open","ping_status":"closed","sticky":false,"template":"","format":"standard","meta":{"footnotes":""},"categories":[600],"tags":[2879,378,2933,2250,58,2353],"class_list":["post-17361","post","type-post","status-publish","format-standard","has-post-thumbnail","hentry","category-economia","tag-america-latina","tag-brasil","tag-desigualdade","tag-fmi","tag-pib","tag-pobreza"],"_links":{"self":[{"href":"https:\/\/blogs.correiobraziliense.com.br\/vicente\/wp-json\/wp\/v2\/posts\/17361","targetHints":{"allow":["GET"]}}],"collection":[{"href":"https:\/\/blogs.correiobraziliense.com.br\/vicente\/wp-json\/wp\/v2\/posts"}],"about":[{"href":"https:\/\/blogs.correiobraziliense.com.br\/vicente\/wp-json\/wp\/v2\/types\/post"}],"author":[{"embeddable":true,"href":"https:\/\/blogs.correiobraziliense.com.br\/vicente\/wp-json\/wp\/v2\/users\/22"}],"replies":[{"embeddable":true,"href":"https:\/\/blogs.correiobraziliense.com.br\/vicente\/wp-json\/wp\/v2\/comments?post=17361"}],"version-history":[{"count":2,"href":"https:\/\/blogs.correiobraziliense.com.br\/vicente\/wp-json\/wp\/v2\/posts\/17361\/revisions"}],"predecessor-version":[{"id":17363,"href":"https:\/\/blogs.correiobraziliense.com.br\/vicente\/wp-json\/wp\/v2\/posts\/17361\/revisions\/17363"}],"wp:featuredmedia":[{"embeddable":true,"href":"https:\/\/blogs.correiobraziliense.com.br\/vicente\/wp-json\/wp\/v2\/media\/16216"}],"wp:attachment":[{"href":"https:\/\/blogs.correiobraziliense.com.br\/vicente\/wp-json\/wp\/v2\/media?parent=17361"}],"wp:term":[{"taxonomy":"category","embeddable":true,"href":"https:\/\/blogs.correiobraziliense.com.br\/vicente\/wp-json\/wp\/v2\/categories?post=17361"},{"taxonomy":"post_tag","embeddable":true,"href":"https:\/\/blogs.correiobraziliense.com.br\/vicente\/wp-json\/wp\/v2\/tags?post=17361"}],"curies":[{"name":"wp","href":"https:\/\/api.w.org\/{rel}","templated":true}]}}