{"id":17331,"date":"2021-02-04T21:25:22","date_gmt":"2021-02-05T00:25:22","guid":{"rendered":"https:\/\/blogs.correiobraziliense.com.br\/vicente\/?p=17331"},"modified":"2021-02-05T18:02:23","modified_gmt":"2021-02-05T21:02:23","slug":"academicos-criticam-o-historico-sombrio-de-bolsonaro-e-a-falta-de-respeito-pelo-planeta","status":"publish","type":"post","link":"https:\/\/blogs.correiobraziliense.com.br\/vicente\/academicos-criticam-o-historico-sombrio-de-bolsonaro-e-a-falta-de-respeito-pelo-planeta\/","title":{"rendered":"Acad\u00eamicos criticam o &#8220;hist\u00f3rico sombrio\u201d de Bolsonaro e a falta de respeito pelo planeta"},"content":{"rendered":"<p>ROSANA HESSEL<\/p>\n<p>&nbsp;<\/p>\n<p>Professores de universidades conceituadas dos Estados Unidos demonstraram preocupa\u00e7\u00e3o com os retrocessos do Brasil em v\u00e1rias \u00e1reas, principalmente, na ambiental e de direitos humanos, e fazem coro sobre os riscos que corre a democracia na maior economia latino-americana. O &#8220;hist\u00f3rico sombrio&#8221; do presidente Jair Bolsonaro e a falta de respeito pelo planeta s\u00e3o alguns dos principais problemas apontados pelos acad\u00eamicos que assinaram um dossi\u00ea enviado \u00e0 Casa Branca, na manh\u00e3 desta quinta-feira (04\/02). O documento, inclusive, recomenda ao presidente dos EUA, Joe Biden, congelar os acordos e as negocia\u00e7\u00f5es que estavam sendo realizados pelo ex-presidente Donald Trump com o governo o mandat\u00e1rio brasileiro.<\/p>\n<p>&nbsp;<\/p>\n<p>Em entrevistas ao<strong> Blog<\/strong> e ao <strong>Correio<\/strong>, v\u00e1rios especialistas reconheceram que \u00e9 dif\u00edcil apontar um \u00fanico problema de Bolsonaro, que j\u00e1 defendeu publicamente torturadores da ditadura militar.\u00a0 \u00a0\u201cAcho que, internacionalmente, o problema mais saliente do atual governo brasileiro \u00e9 seu hist\u00f3rico sombrio no que diz respeito ao meio ambiente\u201d, destacou Sidney Chalhoub, professor de Hist\u00f3ria da Universidade Harvard.<\/p>\n<p>&nbsp;<\/p>\n<p>&#8220;\u00c9 dif\u00edcil para mim mencionar apenas um desafio ou mesmo identificar o maior problema do governo Bolsonaro, porque os danos s\u00e3o muito abrangentes. Uma falta generalizada de respeito pelo planeta, pelos direitos humanos e uma falha no atendimento das necessidades mais b\u00e1sicas da popula\u00e7\u00e3o permeia o governo brasileiro e suas pol\u00edticas, impactando a dignidade humana e o respeito pela popula\u00e7\u00e3o do pa\u00eds\u201d, apontou Erika Robb Larkins, professora da Universidade de San Diego, na Calif\u00f3rnia (EUA).<\/p>\n<p>&nbsp;<\/p>\n<p>Larkins e Chalhoub est\u00e3o entre os acad\u00eamicos e representantes de Organiza\u00e7\u00f5es N\u00e3o-Governamentais (ONGs) que assinaram um <a href=\"https:\/\/www.correiobraziliense.com.br\/politica\/2021\/02\/4904641-biden-recebe-dossie-recomendando-suspensao-de-acordos-com-bolsonaro.html\">documento de 31 p\u00e1ginas encaminhado a Binde e a autoridades norte-americanas.<\/a> Denominado \u201cRecomenda\u00e7\u00f5es sobre o Brasil ao presidente Biden e ao novo governo\u201d, o dossi\u00ea,\u00a0\u00a0elaborado pela Rede dos Estados Unidos para a Democracia no Brasil (USNDB), aponta os principais problemas e retrocessos da gest\u00e3o Bolsonaro em diversas \u00e1reas e tamb\u00e9m mostra preocupa\u00e7\u00e3o com o desmantelamento do Sistema \u00danico de Sa\u00fade (SUS).<\/p>\n<p>&nbsp;<\/p>\n<p>James Green, professor de Hist\u00f3ria do Brasil da Brown University, por exemplo, avaliou que Bolsonaro <a href=\"https:\/\/www.correiobraziliense.com.br\/politica\/2021\/02\/4904668-bolsonaro-esta-virando-um-grande-inimigo-global-diz-brasilianista.html\">est\u00e1 se tornando um grande inimigo global.<\/a>\u00a0Andr\u00e9 Pagliarini,\u00a0professor do Programa de Estudos Latino-Americanos do Dartmouth College,\u00a0afirmou que a\u00a0<a href=\"https:\/\/blogs.correiobraziliense.com.br\/vicente\/agenda-economica-de-paulo-guedes-e-deleteria-diz-signatario-de-dossie-a-biden\/\">agenda econ\u00f4mica de Paulo Guedes \u00e9 delet\u00e9ria<\/a>.<\/p>\n<p>&nbsp;<\/p>\n<p><strong>&#8220;Ret\u00f3rica inflamada&#8221;<\/strong><\/p>\n<p>&nbsp;<\/p>\n<p>Sidney Chalhoub lamentou o discurso do presidente Jair Bolsonaro e sua \u201cret\u00f3rica inflamada contra a ci\u00eancia e as mudan\u00e7as clim\u00e1ticas\u201d. \u201cO desmantelamento de ag\u00eancias e pol\u00edticas ambientais, a acelera\u00e7\u00e3o do desmatamento e a crescente vulnerabilidade das popula\u00e7\u00f5es ind\u00edgenas, todos esses fatores combinados, prejudicaram a imagem do pa\u00eds no exterior de formas dif\u00edceis de reverter a curto prazo\u201d, explicou.<\/p>\n<p>&nbsp;<\/p>\n<p>O historiador da conceituad\u00edssima Universidade Harvard contou que a preocupa\u00e7\u00e3o com a democracia nos Estados Unidos foi decorrente das estrat\u00e9gias do ex-presidente Donald Trump para minar o processo eleitoral, que acabou culminando na invas\u00e3o de integrantes da extrema direita ao Capit\u00f3lio, sede do parlamento norte-americano. Para ele, esses fatos devem fazer com que a atual administra\u00e7\u00e3o dos EUA dever\u00e1 prestar cada vez mais aten\u00e7\u00e3o \u00e0 democracia e ao Estado de Direito internacionalmente.\u00a0\u201cO presidente brasileiro j\u00e1 est\u00e1 imitando Trump ao sinalizar a alega\u00e7\u00e3o infundada de que haver\u00e1 fraude eleitoral na elei\u00e7\u00e3o presidencial de 2022. Este \u00e9 outro movimento que tender\u00e1 a isolar o Brasil no exterior\u201d, argumentou Chalhoub.<\/p>\n<p>&nbsp;<\/p>\n<p>Na avalia\u00e7\u00e3o do historiador, a carta que Bolsonaro enviou tardiamente a Biden cumprimentando pela vit\u00f3ria nas urnas n\u00e3o deve apaziguar os atritos entre ambos que ocorreram durante a campanha eleitoral. \u201c\u00c9 dif\u00edcil acreditar que tal estrat\u00e9gia do governo brasileiro funcione. A continuidade da coopera\u00e7\u00e3o entre os atuais governos dos dois pa\u00edses depende de uma mudan\u00e7a significativa nas pol\u00edticas brasileiras nas duas \u00e1reas mencionadas acima. \u00c9 dif\u00edcil ver isso chegando\u201d, frisou.<\/p>\n<p>&nbsp;<\/p>\n<p>Procurado, o Pal\u00e1cio do Planalto n\u00e3o comentou sobre o documento assinado por acad\u00eamicos e representantes de organismos n\u00e3o-governamentais (ONGs). Nesta sexta-feira (05\/02), o Minist\u00e9rio das Rela\u00e7\u00f5es Exteriores respondeu dizendo que n\u00e3o iria comentar. &#8220;O Itamaraty n\u00e3o far\u00e1 coment\u00e1rios a respeito do dossi\u00ea, tendo em vista tratar-se de documento com recomenda\u00e7\u00f5es de entidades n\u00e3o-governamentais e de ativistas pol\u00edticos, dirigidas a governo de outro pa\u00eds, que n\u00e3o se manifestou sobre o tema&#8221;, informou a pasta.<\/p>\n<div><\/div>\n<div>Atenciosamente,<\/div>\n","protected":false},"excerpt":{"rendered":"<p>ROSANA HESSEL &nbsp; Professores de universidades conceituadas dos Estados Unidos demonstraram preocupa\u00e7\u00e3o com os retrocessos do Brasil em v\u00e1rias \u00e1reas, principalmente, na ambiental e de direitos humanos, e fazem coro sobre os riscos que corre a democracia na maior economia latino-americana. O &#8220;hist\u00f3rico sombrio&#8221; do presidente Jair Bolsonaro e a falta de respeito pelo planeta [&hellip;]<\/p>\n","protected":false},"author":22,"featured_media":14290,"comment_status":"open","ping_status":"closed","sticky":false,"template":"","format":"standard","meta":{"footnotes":""},"categories":[600],"tags":[2554,5188,5185,4861],"class_list":["post-17331","post","type-post","status-publish","format-standard","has-post-thumbnail","hentry","category-economia","tag-bolsonaro","tag-casa-branca","tag-dossie","tag-joe-biden"],"_links":{"self":[{"href":"https:\/\/blogs.correiobraziliense.com.br\/vicente\/wp-json\/wp\/v2\/posts\/17331","targetHints":{"allow":["GET"]}}],"collection":[{"href":"https:\/\/blogs.correiobraziliense.com.br\/vicente\/wp-json\/wp\/v2\/posts"}],"about":[{"href":"https:\/\/blogs.correiobraziliense.com.br\/vicente\/wp-json\/wp\/v2\/types\/post"}],"author":[{"embeddable":true,"href":"https:\/\/blogs.correiobraziliense.com.br\/vicente\/wp-json\/wp\/v2\/users\/22"}],"replies":[{"embeddable":true,"href":"https:\/\/blogs.correiobraziliense.com.br\/vicente\/wp-json\/wp\/v2\/comments?post=17331"}],"version-history":[{"count":5,"href":"https:\/\/blogs.correiobraziliense.com.br\/vicente\/wp-json\/wp\/v2\/posts\/17331\/revisions"}],"predecessor-version":[{"id":17353,"href":"https:\/\/blogs.correiobraziliense.com.br\/vicente\/wp-json\/wp\/v2\/posts\/17331\/revisions\/17353"}],"wp:featuredmedia":[{"embeddable":true,"href":"https:\/\/blogs.correiobraziliense.com.br\/vicente\/wp-json\/wp\/v2\/media\/14290"}],"wp:attachment":[{"href":"https:\/\/blogs.correiobraziliense.com.br\/vicente\/wp-json\/wp\/v2\/media?parent=17331"}],"wp:term":[{"taxonomy":"category","embeddable":true,"href":"https:\/\/blogs.correiobraziliense.com.br\/vicente\/wp-json\/wp\/v2\/categories?post=17331"},{"taxonomy":"post_tag","embeddable":true,"href":"https:\/\/blogs.correiobraziliense.com.br\/vicente\/wp-json\/wp\/v2\/tags?post=17331"}],"curies":[{"name":"wp","href":"https:\/\/api.w.org\/{rel}","templated":true}]}}