{"id":17323,"date":"2021-02-04T19:00:25","date_gmt":"2021-02-04T22:00:25","guid":{"rendered":"https:\/\/blogs.correiobraziliense.com.br\/vicente\/?p=17323"},"modified":"2021-02-05T12:27:47","modified_gmt":"2021-02-05T15:27:47","slug":"agenda-economica-de-paulo-guedes-e-deleteria-diz-signatario-de-dossie-a-biden","status":"publish","type":"post","link":"https:\/\/blogs.correiobraziliense.com.br\/vicente\/agenda-economica-de-paulo-guedes-e-deleteria-diz-signatario-de-dossie-a-biden\/","title":{"rendered":"\u201cAgenda econ\u00f4mica de Paulo Guedes \u00e9 delet\u00e9ria\u201d, diz signat\u00e1rio de dossi\u00ea a Biden"},"content":{"rendered":"<p>ROSANA HESSEL<\/p>\n<p>&nbsp;<\/p>\n<p>Assim como o governo Jair Bolsonaro \u00e9 cheio de retrocessos, a agenda econ\u00f4mica do ministro da Economia, Paulo Guedes, tamb\u00e9m n\u00e3o deixa de ser criticada por acad\u00eamicos de grandes universidades dos Estados Unidos que assinaram um dossi\u00ea enviado, nesta ter\u00e7a-feira (04\/02), para o presidente norte-americano, Joe Biden, e para v\u00e1rias autoridades do governo democrata.<\/p>\n<p>&nbsp;<\/p>\n<p>\u201cAcreditamos que a agenda econ\u00f4mica representada pelo ministro Paulo Guedes \u00e9 delet\u00e9ria para a maioria da popula\u00e7\u00e3o. O fato \u00e9 que milh\u00f5es de brasileiros precisam de um estado ativo, engajado, moderno e a servi\u00e7o dos cidad\u00e3os\u201d, afirmou Andr\u00e9 Pagliarini, professor do Programa de Estudos Latino-Americanos do Dartmouth College, universidade localizada na cidade de Hanover, no estado de New Hampshire (EUA).<\/p>\n<p>&nbsp;<\/p>\n<p>Pagliarini, junto com centenas de professores de universidades norte-americanas \u00e9 um dos signat\u00e1rios do\u00a0<a href=\"https:\/\/www.correiobraziliense.com.br\/politica\/2021\/02\/4904641-biden-recebe-dossie-recomendando-suspensao-de-acordos-com-bolsonaro.html\">documento<\/a><a href=\"https:\/\/www.correiobraziliense.com.br\/politica\/2021\/02\/4904641-biden-recebe-dossie-recomendando-suspensao-de-acordos-com-bolsonaro.html\"> de 31 p\u00e1ginas encaminhado \u00e0 Casa Branca<\/a>, <span style=\"font-weight: 400\">elaborado pela Rede nos Estados Unidos pela Democracia no Brasil (U.S Network for Democracy in Brazil &#8211; USNDB).\u00a0<\/span><span style=\"font-weight: 400\">O relat\u00f3rio aponta <\/span>retrocessos no governo <a href=\"https:\/\/www.correiobraziliense.com.br\/politica\/2021\/02\/4904668-bolsonaro-esta-virando-um-grande-inimigo-global-diz-brasilianista.html\">Bolsonaro, que est\u00e1 virando um grande inimigo global<\/a>\u00a0e faz recomenda\u00e7\u00f5es de congelamento de acordos e de negocia\u00e7\u00f5es com o Brasil realizadas pelo antecessor, o republicano Donald Trump.<\/p>\n<p>&nbsp;<\/p>\n<p>Em entrevista ao <strong>Correio<\/strong> e ao<strong> Blog<\/strong>, o historiador defendeu uma pol\u00edtica de gastos p\u00fablicos mais voltada ao bem-estar social como forma de estimular a economia e, nesse sentido, n\u00e3o poupou cr\u00edticas \u00e0 falta de controle nos gastos p\u00fablicos, uma vez que n\u00e3o h\u00e1 crit\u00e9rios sobre as verdadeiras prioridades do pa\u00eds. Ele lembrou que, ao mesmo que o Poder Executivo chega a gastar mais de R$ 15 milh\u00f5es com a compra de leite condensado em 2020, os investimentos em pesquisa cient\u00edfica estimada no Or\u00e7amento deste ano destinada ao CNPQ (Conselho Nacional de Desenvolvimento Cient\u00edfico e Tecnol\u00f3gico) \u00e9 de R$ 22 milh\u00f5es.<\/p>\n<p>&nbsp;<\/p>\n<p>&#8220;A ideia da equipe econ\u00f4mica de cortar gastos e de privatizar n\u00e3o considera o papel variado do gasto p\u00fablico. O governo Biden tem a oportunidade de dar o exemplo de como gastos sociais robustos, ao inv\u00e9s da austeridade or\u00e7ament\u00e1ria, podem e devem ser usados para impulsionar a recupera\u00e7\u00e3o em todo o mundo. Essa atitude do governo americano dificultar\u00e1 os esfor\u00e7os de pol\u00edticos e de ministros brasileiros de justificarem os cortes na \u00e1rea do bem-estar social e de outros gastos cruciais em nome das supostas necessidades do mercado&#8221;, destacou o professor da universidade norte-americana que faz parte da Ivy League, tradicional confedera\u00e7\u00e3o de oito universidades dos EUA listadas como as melhores do mundo.<\/p>\n<p>&nbsp;<\/p>\n<p>Pagliarini demonstrou preocupa\u00e7\u00e3o com os riscos de haver mais retrocessos a partir da vit\u00f3ria dos candidatos apoiados por Bolsonaro \u00e0s presid\u00eancias das duas Casas do Congresso. \u201cO governo Bolsonaro encarna o atraso social. Com a vit\u00f3ria de seus aliados nas presid\u00eancias da C\u00e2mara e do Senado, ele d\u00e1 sinais de querer avan\u00e7ar na chamada \u2018pauta de costumes\u2019, exatamente as quest\u00f5es pelas quais ele se tornou not\u00f3rio nos olhos do mundo mesmo antes de ser eleito\u201d, destacou. Ele citou a import\u00e2ncia de olhar para a agenda para LGBTQ+, porte de armas e nas prote\u00e7\u00f5es para minorias do atual governo. \u201cEssas pautas podem parecer secund\u00e1rias, mas n\u00e3o s\u00e3o. Elas s\u00e3o um bar\u00f4metro para a sa\u00fade da democracia brasileira. Na medida em que a homofobia, a misoginia, o racismo do Bolsonaro foi acatada pela popula\u00e7\u00e3o e pelas inst\u00e2ncias governamentais, as garantias democr\u00e1ticas v\u00e3o se esvaziando\u201d, lamentou.<\/p>\n<p>&nbsp;<\/p>\n<p>De acordo com Pagliarini, o governo de Joe Biden vem sinalizando de forma bem clara de\u00a0\u00a0que a quest\u00e3o ambiental vai ser prioridade. \u201cIsso aponta um embate com o governo Bolsonaro que nega qualquer problema real na Amaz\u00f4nia, por exemplo. Sobre a import\u00e2ncia da democracia, de direitos humanos, prote\u00e7\u00f5es para minorias, etc., o novo governo americano deve ser menos direto mas n\u00e3o menos comprometido. \u00c9 certo que a din\u00e2mica entre Bras\u00edlia e Washington mudou. Resta ver a dimens\u00e3o da mudan\u00e7a\u201d, completou.<\/p>\n","protected":false},"excerpt":{"rendered":"<p>ROSANA HESSEL &nbsp; Assim como o governo Jair Bolsonaro \u00e9 cheio de retrocessos, a agenda econ\u00f4mica do ministro da Economia, Paulo Guedes, tamb\u00e9m n\u00e3o deixa de ser criticada por acad\u00eamicos de grandes universidades dos Estados Unidos que assinaram um dossi\u00ea enviado, nesta ter\u00e7a-feira (04\/02), para o presidente norte-americano, Joe Biden, e para v\u00e1rias autoridades do [&hellip;]<\/p>\n","protected":false},"author":22,"featured_media":15842,"comment_status":"open","ping_status":"closed","sticky":false,"template":"","format":"standard","meta":{"footnotes":""},"categories":[600],"tags":[5184,2554,5186,5185,2922,4861,3613],"class_list":["post-17323","post","type-post","status-publish","format-standard","has-post-thumbnail","hentry","category-economia","tag-agenda-economica","tag-bolsonaro","tag-dartmouth-college","tag-dossie","tag-jair-bolsonaro","tag-joe-biden","tag-paulo-guedes"],"_links":{"self":[{"href":"https:\/\/blogs.correiobraziliense.com.br\/vicente\/wp-json\/wp\/v2\/posts\/17323","targetHints":{"allow":["GET"]}}],"collection":[{"href":"https:\/\/blogs.correiobraziliense.com.br\/vicente\/wp-json\/wp\/v2\/posts"}],"about":[{"href":"https:\/\/blogs.correiobraziliense.com.br\/vicente\/wp-json\/wp\/v2\/types\/post"}],"author":[{"embeddable":true,"href":"https:\/\/blogs.correiobraziliense.com.br\/vicente\/wp-json\/wp\/v2\/users\/22"}],"replies":[{"embeddable":true,"href":"https:\/\/blogs.correiobraziliense.com.br\/vicente\/wp-json\/wp\/v2\/comments?post=17323"}],"version-history":[{"count":8,"href":"https:\/\/blogs.correiobraziliense.com.br\/vicente\/wp-json\/wp\/v2\/posts\/17323\/revisions"}],"predecessor-version":[{"id":17341,"href":"https:\/\/blogs.correiobraziliense.com.br\/vicente\/wp-json\/wp\/v2\/posts\/17323\/revisions\/17341"}],"wp:featuredmedia":[{"embeddable":true,"href":"https:\/\/blogs.correiobraziliense.com.br\/vicente\/wp-json\/wp\/v2\/media\/15842"}],"wp:attachment":[{"href":"https:\/\/blogs.correiobraziliense.com.br\/vicente\/wp-json\/wp\/v2\/media?parent=17323"}],"wp:term":[{"taxonomy":"category","embeddable":true,"href":"https:\/\/blogs.correiobraziliense.com.br\/vicente\/wp-json\/wp\/v2\/categories?post=17323"},{"taxonomy":"post_tag","embeddable":true,"href":"https:\/\/blogs.correiobraziliense.com.br\/vicente\/wp-json\/wp\/v2\/tags?post=17323"}],"curies":[{"name":"wp","href":"https:\/\/api.w.org\/{rel}","templated":true}]}}