{"id":17297,"date":"2021-02-03T17:37:03","date_gmt":"2021-02-03T20:37:03","guid":{"rendered":"https:\/\/blogs.correiobraziliense.com.br\/vicente\/?p=17297"},"modified":"2021-02-03T17:37:03","modified_gmt":"2021-02-03T20:37:03","slug":"o-governo-precisa-saber-negociar-melhor-avalia-jose-marcio-camargo","status":"publish","type":"post","link":"https:\/\/blogs.correiobraziliense.com.br\/vicente\/o-governo-precisa-saber-negociar-melhor-avalia-jose-marcio-camargo\/","title":{"rendered":"O governo precisa saber negociar melhor, avalia Jos\u00e9 M\u00e1rcio Camargo"},"content":{"rendered":"<p><span style=\"font-weight: 400\">ROSANA HESSEL<\/span><\/p>\n<p>&nbsp;<\/p>\n<p><span style=\"font-weight: 400\">Duas mat\u00e9rias que o ministro da Economia, Paulo Guedes, t\u00eam chances de conseguir avan\u00e7ar Congresso Nacional neste ano s\u00e3o as Propostas de Emenda \u00e0 Constitui\u00e7\u00e3o (PEC) Emergencial e do Pacto Federativo, porque, sem elas, n\u00e3o conseguir\u00e1 espa\u00e7o para a cria\u00e7\u00e3o de um novo aux\u00edlio emergencial, desde que tenham impacto fiscal mais robusto do que inicialmente previsto, de acordo com\u00a0Jos\u00e9 M\u00e1rcio de Camargo, economista-chefe da Genial Investimentos. E, para isso, precisar\u00e1 saber negociar bem com o Centr\u00e3o e os novos presidentes das duas Casas do Congresso eleitos nesta semana.<\/span><\/p>\n<p>&nbsp;<\/p>\n<p><span style=\"font-weight: 400\">\u201cO governo faz pouca pol\u00edtica. Ele precisa fazer mais pol\u00edtica\u201d, frisou Camargo, que conta que participou de v\u00e1rios encontros com parlamentares no Pal\u00e1cio da Alvorada e no Congresso para explicar a conjuntura econ\u00f4mica os aspectos econ\u00f4micos das pautas do governo Michel Temer.\u00a0 &#8220;\u00c9 preciso um longo processo de convencimento para conseguir maioria para aprovar uma reforma&#8221;, destacou.<\/span><\/p>\n<p>&nbsp;<\/p>\n<p><span style=\"font-weight: 400\">As PECs Emergencial e do Pacto Federativo est\u00e3o no Senado desde o fim de 2019 e n\u00e3o avan\u00e7aram desde dent\u00e3o. Os respectivos relat\u00f3rios est\u00e3o sendo preparados pelo senador Marcio Bittar (MDB-AC), mas ainda sem data para a sua apresenta\u00e7\u00e3o.\u00a0\u00a0<\/span><span style=\"font-weight: 400\">\u201cHouve mudan\u00e7as no texto da PEC Emergencial, que tinha perdido o impacto fiscal, e o governo conseguiu evitar que o relat\u00f3rio fosse apresentado no fim do ano passado. Mas ele precisa de uma PEC mais robusta para conseguir espa\u00e7o no Or\u00e7amento para um novo aux\u00edlio emergencial ou um Bolsa Fam\u00edlia ampliado\u201d, destacou Camargo. Ele defendeu que esse novo benef\u00edcio dever\u00e1 ser em um valor menor do que os valores do ano passado e para um grupo menor. <\/span><\/p>\n<p>&nbsp;<\/p>\n<p><span style=\"font-weight: 400\">A PEC Emergencial trata da regulamenta\u00e7\u00e3o de gatilhos para\u00a0 redu\u00e7\u00e3o de despesas obrigat\u00f3rias, congelamento de sal\u00e1rios e at\u00e9 redu\u00e7\u00e3o de jornada de servidores no caso do descumprimento do teto de gastos\u00a0 &#8212; emenda constitucional que limita o aumento das despesas \u00e0 infla\u00e7\u00e3o do ano anterior. O Pacto Federativo busca desvincular e desobrigar despesas, dando maior maior autonomia para entes federativos.\u00a0<\/span><\/p>\n<p>&nbsp;<\/p>\n<p><span style=\"font-weight: 400\">De acordo com o economista, apesar da pandemia, o governo Bolsonaro n\u00e3o soube se articular junto ao Congresso para avan\u00e7ar com essas mat\u00e9rias e que a responsabilidade desse atraso na agenda reformista n\u00e3o \u00e9 culpa do Legislativo.\u00a0<\/span><span style=\"font-weight: 400\">\u00a0<\/span><span style=\"font-weight: 400\">\u201c\u00c9 verdade que, no meio do caminho, teve a pandemia, mas houve falhas na capacidade de negocia\u00e7\u00e3o do governo com o Congresso e isso s\u00f3 melhorou quando houve mudan\u00e7a nas lideran\u00e7as no segundo semestre de 2020.\u00a0<\/span><span style=\"font-weight: 400\">\u201cEsse papel n\u00e3o cabe ao ministro da Economia, mas ao presidente e, normalmente, aos pol\u00edticos que ocupam os gabinetes ministeriais do Pal\u00e1cio do Planalto e ficam com a responsabilidade de fazer a articula\u00e7\u00e3o com os parlamentares\u201d, adicionou.<\/span><\/p>\n<p>&nbsp;<\/p>\n<p><span style=\"font-weight: 400\">Agora, com as duas Casas com presidentes aliados ao Pal\u00e1cio do Planalto, \u00e9 poss\u00edvel que a pauta seja destravada, pelo menos, para discutir, no entender de Camargo. &#8220;Mas ser\u00e1 fundamental negociar\u201d, destacou.\u00a0<\/span><span style=\"font-weight: 400\">E, nesse sentido, caber\u00e1 ao governo saber negociar bem a aprova\u00e7\u00e3o das PECs fiscais para abrir espa\u00e7o no Or\u00e7amento para ampliar o Bolsa Fam\u00edlia ou renovar o aux\u00edlio emergencial sem prejudicar o teto de gastos, \u00e2ncora fiscal que restou e na qual \u00e9 depositada a confian\u00e7a de credores da d\u00edvida p\u00fablica, que n\u00e3o para de crescer e ficou perto de 90% do Produto Interno Bruto (PIB) no ano passado, patamar elevad\u00edssimo para pa\u00edses emergentes, cuja m\u00e9dia foi de 52% do PIB em 2019, conforme dados do Fundo Monet\u00e1rio Internacional (FMI).\u00a0<\/span><\/p>\n<p>&nbsp;<\/p>\n<p><span style=\"font-weight: 400\">\u201cA PEC Emergencial e PEC do Pacto Federativo s\u00e3o fundamentais e priorit\u00e1rias. Sem elas, o governo n\u00e3o conseguir\u00e1 encontrar espa\u00e7o no Or\u00e7amento para qualquer gasto adicional do governo. Dentro dessas pautas, o governo poder\u00e1 criar o aux\u00edlio emergencial, desde que a proposta seja bem elaborada pelo relator. E, para isso, ser\u00e1 preciso um trabalho matem\u00e1tico para compatibilizar o benef\u00edcio tempor\u00e1rio com o equil\u00edbrio fiscal e o teto de gastos\u201d, orientou.\u00a0 \u201cEsse novo aux\u00edlio n\u00e3o poder\u00e1 ser para 60 milh\u00f5es de pessoas, mas um pouco maior do que os atuais benefici\u00e1rios do Bolsa Fam\u00edlia\u201d, acrescentou.<\/span><\/p>\n<p>&nbsp;<\/p>\n<p><span style=\"font-weight: 400\">O economista lembrou que se o governo e o Congresso optarem por simplesmente dar o aux\u00edlio sem essa preocupa\u00e7\u00e3o fiscal, eles v\u00e3o dar de recurso de um lado e tirar do outro, com a infla\u00e7\u00e3o e o desemprego aumentando.\u00a0\u00a0<\/span><span style=\"font-weight: 400\">&#8220;Esse \u00e9 o ponto da matem\u00e1tica. Se o governo n\u00e3o aprovar a PEC Emergencial, n\u00e3o ser\u00e1 poss\u00edvel manter o teto de gastos e se ele for rompido, as consequ\u00eancias ser\u00e3o v\u00e1rias e ruins para a economia, que n\u00e3o vai voltar a crescer com aumento dos juros, a valoriza\u00e7\u00e3o do d\u00f3lar e a infla\u00e7\u00e3o mais forte\u201d, alertou.\u00a0<\/span><\/p>\n<p>&nbsp;<\/p>\n<p><span style=\"font-weight: 400\">Na avalia\u00e7\u00e3o, de Camargo, o governo vai ter que fazer o que todos os outros governos costumavam fazer, que \u00e9 negociar, porque isso faz parte do jogo pol\u00edtico e isso envolve tamb\u00e9m a troca de cargos para conseguir avan\u00e7ar nas agendas de interesse, como aconteceu, por exemplo, durante o governo Michel Temer, que conseguiu aprovar mais reformas em um espa\u00e7o de tempo e que foram positivas para a economia, como a trabalhista, o teto de gastos e o fim da TJLP (Taxa de Juros de Longo Prazo), porque sabia articular bem.\u00a0<\/span><span style=\"font-weight: 400\">\u00a0<\/span><\/p>\n<p>&nbsp;<\/p>\n<p>O presidente Jair Bolsonaro entregou uma<a href=\"https:\/\/www.correiobraziliense.com.br\/politica\/2021\/02\/4904395-pauta-prioritaria-do-governo-inclui-privatizacao-da-eletrobras-e-acesso-a-armas.html\"> lista de pautas priorit\u00e1rias<\/a>, nesta quinta-feira (03\/02), aos novos presidentes do Senado, Rodrigo Pacheco (DEM-MG), e da C\u00e2mara, Arthur Lira (PP-AL).<\/p>\n","protected":false},"excerpt":{"rendered":"<p>ROSANA HESSEL &nbsp; Duas mat\u00e9rias que o ministro da Economia, Paulo Guedes, t\u00eam chances de conseguir avan\u00e7ar Congresso Nacional neste ano s\u00e3o as Propostas de Emenda \u00e0 Constitui\u00e7\u00e3o (PEC) Emergencial e do Pacto Federativo, porque, sem elas, n\u00e3o conseguir\u00e1 espa\u00e7o para a cria\u00e7\u00e3o de um novo aux\u00edlio emergencial, desde que tenham impacto fiscal mais robusto [&hellip;]<\/p>\n","protected":false},"author":22,"featured_media":17319,"comment_status":"open","ping_status":"closed","sticky":false,"template":"","format":"standard","meta":{"footnotes":""},"categories":[600],"tags":[13,254,665,4729,5182,5181,666,307],"class_list":["post-17297","post","type-post","status-publish","format-standard","has-post-thumbnail","hentry","category-economia","tag-ajuste-fiscal","tag-congresso","tag-eleicoes","tag-genial-investimentos","tag-pacto-federativo","tag-pec-emergencial","tag-reformas","tag-teto-de-gastos"],"_links":{"self":[{"href":"https:\/\/blogs.correiobraziliense.com.br\/vicente\/wp-json\/wp\/v2\/posts\/17297","targetHints":{"allow":["GET"]}}],"collection":[{"href":"https:\/\/blogs.correiobraziliense.com.br\/vicente\/wp-json\/wp\/v2\/posts"}],"about":[{"href":"https:\/\/blogs.correiobraziliense.com.br\/vicente\/wp-json\/wp\/v2\/types\/post"}],"author":[{"embeddable":true,"href":"https:\/\/blogs.correiobraziliense.com.br\/vicente\/wp-json\/wp\/v2\/users\/22"}],"replies":[{"embeddable":true,"href":"https:\/\/blogs.correiobraziliense.com.br\/vicente\/wp-json\/wp\/v2\/comments?post=17297"}],"version-history":[{"count":8,"href":"https:\/\/blogs.correiobraziliense.com.br\/vicente\/wp-json\/wp\/v2\/posts\/17297\/revisions"}],"predecessor-version":[{"id":17320,"href":"https:\/\/blogs.correiobraziliense.com.br\/vicente\/wp-json\/wp\/v2\/posts\/17297\/revisions\/17320"}],"wp:featuredmedia":[{"embeddable":true,"href":"https:\/\/blogs.correiobraziliense.com.br\/vicente\/wp-json\/wp\/v2\/media\/17319"}],"wp:attachment":[{"href":"https:\/\/blogs.correiobraziliense.com.br\/vicente\/wp-json\/wp\/v2\/media?parent=17297"}],"wp:term":[{"taxonomy":"category","embeddable":true,"href":"https:\/\/blogs.correiobraziliense.com.br\/vicente\/wp-json\/wp\/v2\/categories?post=17297"},{"taxonomy":"post_tag","embeddable":true,"href":"https:\/\/blogs.correiobraziliense.com.br\/vicente\/wp-json\/wp\/v2\/tags?post=17297"}],"curies":[{"name":"wp","href":"https:\/\/api.w.org\/{rel}","templated":true}]}}