{"id":17293,"date":"2021-02-03T15:57:13","date_gmt":"2021-02-03T18:57:13","guid":{"rendered":"https:\/\/blogs.correiobraziliense.com.br\/vicente\/?p=17293"},"modified":"2021-02-03T15:57:13","modified_gmt":"2021-02-03T18:57:13","slug":"privatizacoes-devem-continuar-travadas-avalia-elena-landau","status":"publish","type":"post","link":"https:\/\/blogs.correiobraziliense.com.br\/vicente\/privatizacoes-devem-continuar-travadas-avalia-elena-landau\/","title":{"rendered":"Privatiza\u00e7\u00f5es devem continuar travadas, avalia Elena Landau"},"content":{"rendered":"<p>ROSANA HESSEL<\/p>\n<p>&nbsp;<\/p>\n<p><span style=\"font-weight: 400\">A vit\u00f3ria dos candidatos do presidente Jair Bolsonaro na elei\u00e7\u00f5es para as presid\u00eancias da C\u00e2mara e do Senado n\u00e3o significa em grandes avan\u00e7os da agenda econ\u00f4mica liberal na economia defendida pelo ministro da Economia, Paulo Guedes, e, principalmente, das privatiza\u00e7\u00f5es, que devem continuar travadas, na avalia\u00e7\u00e3o da economista e advogada Elena Landau, ex-diretora do Banco Nacional de Desenvolvimento Econ\u00f4mico e Social (BNDES).\u00a0<\/span><\/p>\n<p>&nbsp;<\/p>\n<p><span style=\"font-weight: 400\">De acordo com a especialista que foi respons\u00e1vel pelo programa de privatiza\u00e7\u00f5es do governo Fernando Henrique Cardoso, o governo n\u00e3o tem uma agenda clara e bem desenhada, e, por conta disso, n\u00e3o conseguiu avan\u00e7ar desde que assumiu o poder. Ela lembrou que Guedes tem fixa\u00e7\u00e3o em ressuscitar a Contribui\u00e7\u00e3o sobre Movimenta\u00e7\u00e3o Financeira (CPMF) e pode achar que, com a sa\u00edda de Rodrigo Maia (DEM-RJ), que era terminantemente contra a volta desse tributo, h\u00e1 agora espa\u00e7o para ele voltar com essa ideia na retomada das discuss\u00f5es da reforma tribut\u00e1ria, usando a desonera\u00e7\u00e3o da folha como um subterf\u00fagio.\u00a0<\/span><\/p>\n<p>&nbsp;<\/p>\n<p><span style=\"font-weight: 400\">&#8220;\u00c9 a\u00ed que mora o perigo, porque Guedes pode querer emplacar a volta da CPMF. Imagino que ele consiga avan\u00e7ar com a PEC Emergencial, porque alguma coisa tem que ser feita na \u00e1rea fiscal, mas, ele vai precisar avan\u00e7ar com as privatiza\u00e7\u00f5es tamb\u00e9m\u201d, afirmou. Para ela, voltar com a CPMF ser\u00e1 um retrocesso. O l\u00edder do governo na C\u00e2mara, Ricardo Barros (PP-PR), informou que esse tributo n\u00e3o tem espa\u00e7o para avan\u00e7ar no Congresso.<\/span><\/p>\n<p>&nbsp;<\/p>\n<p><strong>Sem desculpas<\/strong><\/p>\n<p>&nbsp;<\/p>\n<p>Elena lembrou que, agora, Guedes agora n\u00e3o tem mais desculpa do fracasso de suas promessas, que costumava jogar nas costas de Maia, que sempre foi simp\u00e1tico \u00e0 agenda econ\u00f4mica mais liberal.\u00a0\u00a0<span style=\"font-weight: 400\">\u201cAgora que o governo tem os presidentes da C\u00e2mara e do Senado do lado dele, ele n\u00e3o vai ter desculpa de que n\u00e3o consegue avan\u00e7ar nas privatiza\u00e7\u00f5es\u201d, acrescentou. Contudo, ela acha que dificilmente as privatiza\u00e7\u00f5es devem avan\u00e7ar nessa segunda metade do mandato do governo Bolsonaro, que nunca foi um liberal.\u00a0<\/span><\/p>\n<p>&nbsp;<\/p>\n<p><span style=\"font-weight: 400\">Vale lembrar que, nesta quarta-feira (03\/02), os<\/span><span style=\"font-weight: 400\"> novos presidentes da C\u00e2mara, o deputado Arthur Lira (PP-AL) e do Senado, senador Rodrigo Pacheco (DEM-MG), assinaram um compromisso de acelerar reformas e combater a pandemia por meio da vacina\u00e7\u00e3o mais ampla. Contudo, n\u00e3o declararam apoio \u00e0 agenda de privatiza\u00e7\u00f5es, atualmente, desfigurada da promessa durante a posse do ministro Paulo Guedes, que esperava arrecadar R$ 1 trilh\u00e3o com a venda das estatais federais.<\/span><\/p>\n<p>&nbsp;<\/p>\n<p><span style=\"font-weight: 400\">\u201cPaulo Guedes n\u00e3o tem agenda e tem um espa\u00e7o pequeno\u201d, disse a economista. Ela lembrou que a verdadeira reforma tribut\u00e1ria de Guedes ainda \u00e9 desconhecida e a reforma administrativa que ele enviou ao Congresso \u00e9 muito t\u00edmida. Quem tem agenda \u00e9 o Bolsonaro e o que a gente conhece, \u00e9 uma agenda muito ruim. Vamos ver se o Centr\u00e3o vai obedecer o governo\u201d, ressaltou Elena Landau.<\/span><\/p>\n<p>&nbsp;<\/p>\n","protected":false},"excerpt":{"rendered":"<p>ROSANA HESSEL &nbsp; A vit\u00f3ria dos candidatos do presidente Jair Bolsonaro na elei\u00e7\u00f5es para as presid\u00eancias da C\u00e2mara e do Senado n\u00e3o significa em grandes avan\u00e7os da agenda econ\u00f4mica liberal na economia defendida pelo ministro da Economia, Paulo Guedes, e, principalmente, das privatiza\u00e7\u00f5es, que devem continuar travadas, na avalia\u00e7\u00e3o da economista e advogada Elena Landau, [&hellip;]<\/p>\n","protected":false},"author":22,"featured_media":17306,"comment_status":"open","ping_status":"closed","sticky":false,"template":"","format":"standard","meta":{"footnotes":""},"categories":[600],"tags":[589,3692],"class_list":["post-17293","post","type-post","status-publish","format-standard","has-post-thumbnail","hentry","category-economia","tag-economia","tag-privatizacoes"],"_links":{"self":[{"href":"https:\/\/blogs.correiobraziliense.com.br\/vicente\/wp-json\/wp\/v2\/posts\/17293","targetHints":{"allow":["GET"]}}],"collection":[{"href":"https:\/\/blogs.correiobraziliense.com.br\/vicente\/wp-json\/wp\/v2\/posts"}],"about":[{"href":"https:\/\/blogs.correiobraziliense.com.br\/vicente\/wp-json\/wp\/v2\/types\/post"}],"author":[{"embeddable":true,"href":"https:\/\/blogs.correiobraziliense.com.br\/vicente\/wp-json\/wp\/v2\/users\/22"}],"replies":[{"embeddable":true,"href":"https:\/\/blogs.correiobraziliense.com.br\/vicente\/wp-json\/wp\/v2\/comments?post=17293"}],"version-history":[{"count":4,"href":"https:\/\/blogs.correiobraziliense.com.br\/vicente\/wp-json\/wp\/v2\/posts\/17293\/revisions"}],"predecessor-version":[{"id":17302,"href":"https:\/\/blogs.correiobraziliense.com.br\/vicente\/wp-json\/wp\/v2\/posts\/17293\/revisions\/17302"}],"wp:featuredmedia":[{"embeddable":true,"href":"https:\/\/blogs.correiobraziliense.com.br\/vicente\/wp-json\/wp\/v2\/media\/17306"}],"wp:attachment":[{"href":"https:\/\/blogs.correiobraziliense.com.br\/vicente\/wp-json\/wp\/v2\/media?parent=17293"}],"wp:term":[{"taxonomy":"category","embeddable":true,"href":"https:\/\/blogs.correiobraziliense.com.br\/vicente\/wp-json\/wp\/v2\/categories?post=17293"},{"taxonomy":"post_tag","embeddable":true,"href":"https:\/\/blogs.correiobraziliense.com.br\/vicente\/wp-json\/wp\/v2\/tags?post=17293"}],"curies":[{"name":"wp","href":"https:\/\/api.w.org\/{rel}","templated":true}]}}