{"id":17287,"date":"2021-02-01T17:31:38","date_gmt":"2021-02-01T20:31:38","guid":{"rendered":"https:\/\/blogs.correiobraziliense.com.br\/vicente\/?p=17287"},"modified":"2021-02-01T18:24:13","modified_gmt":"2021-02-01T21:24:13","slug":"na-petrobras-diferenca-entre-o-maior-e-o-menor-salario-chega-a-6-932","status":"publish","type":"post","link":"https:\/\/blogs.correiobraziliense.com.br\/vicente\/na-petrobras-diferenca-entre-o-maior-e-o-menor-salario-chega-a-6-932\/","title":{"rendered":"Na Petrobras, diferen\u00e7a entre o maior e o menor sal\u00e1rio chega a 6.932%"},"content":{"rendered":"<h2>A Petrobras \u00e9 o retrato perfeito da enorme desigualdade que marca o Brasil. Levantamento realizado pelo Minist\u00e9rio da Economia sobre os benef\u00edcios pagos aos empregados de estatais mostra que a diferen\u00e7a entre o maior e o menor sal\u00e1rio na empresa chega a 6.932%.<\/h2>\n<p>&nbsp;<\/p>\n<p>O piso salarial na Petrobras \u00e9 de R$ 1.510 e o topo, de R$ 106.189. Pelos c\u00e1lculos do Minist\u00e9rio da Economia, a m\u00e9dia salarial na petroleira \u00e9 de R$ 18.930.<\/p>\n<p>&nbsp;<\/p>\n<p>A pasta chefiada por Paulo Guedes, que, passados dois anos do governo de Jair Bolsonaro, ainda n\u00e3o conseguiu privatizar nenhuma estatal, aponta que a Petrobras paga 100% de adicional de f\u00e9rias para seus empregados, ante um ter\u00e7o recebido pela maioria dos trabalhadores da iniciativa privada.<\/p>\n<p>&nbsp;<\/p>\n<p>O mesmo estudo revela que, tamb\u00e9m, os funcion\u00e1rios das companhias Docas do Cear\u00e1, do Esp\u00edrito Santo, do Par\u00e1 e do Rio de Janeiro recebem adicional de f\u00e9rias acima do um ter\u00e7o previsto em lei. Nos casos dessas estatais, o extra corresponde a 50% do sal\u00e1rio normal e vale para aqueles que entraram na empresas at\u00e9 1996.<\/p>\n<p>&nbsp;<\/p>\n<p>O objetivo do Minist\u00e9rio da Economia, ao detalhar os benef\u00edcios pagos aos funcion\u00e1rios de estatais, \u00e9 chamar a aten\u00e7\u00e3o para o que a equipe de Guedes chama de excessos.\u00a0\u201cA melhor arma que a gente pode ter para combater qualquer tipo de privil\u00e9gio \u00e9 a transpar\u00eancia\u201d, diz o secret\u00e1rio especial de Desestatiza\u00e7\u00e3o, Desinvestimento e Mercados, Diogo Mac Cord.<\/p>\n<p>&nbsp;<\/p>\n<p><em>Bras\u00edlia, 17h31min<\/em><\/p>\n","protected":false},"excerpt":{"rendered":"<p>A Petrobras \u00e9 o retrato perfeito da enorme desigualdade que marca o Brasil. Levantamento realizado pelo Minist\u00e9rio da Economia sobre os benef\u00edcios pagos aos empregados de estatais mostra que a diferen\u00e7a entre o maior e o menor sal\u00e1rio na empresa chega a 6.932%. &nbsp; O piso salarial na Petrobras \u00e9 de R$ 1.510 e o [&hellip;]<\/p>\n","protected":false},"author":22,"featured_media":17288,"comment_status":"open","ping_status":"closed","sticky":false,"template":"","format":"standard","meta":{"footnotes":""},"categories":[600],"tags":[5177,589,4943,5176,4547],"class_list":["post-17287","post","type-post","status-publish","format-standard","has-post-thumbnail","hentry","category-economia","tag-diferenca-entre-o-maior-e-o-menor-salario-chega-a-6-932","tag-economia","tag-financas","tag-na-petrobras","tag-negocios"],"_links":{"self":[{"href":"https:\/\/blogs.correiobraziliense.com.br\/vicente\/wp-json\/wp\/v2\/posts\/17287","targetHints":{"allow":["GET"]}}],"collection":[{"href":"https:\/\/blogs.correiobraziliense.com.br\/vicente\/wp-json\/wp\/v2\/posts"}],"about":[{"href":"https:\/\/blogs.correiobraziliense.com.br\/vicente\/wp-json\/wp\/v2\/types\/post"}],"author":[{"embeddable":true,"href":"https:\/\/blogs.correiobraziliense.com.br\/vicente\/wp-json\/wp\/v2\/users\/22"}],"replies":[{"embeddable":true,"href":"https:\/\/blogs.correiobraziliense.com.br\/vicente\/wp-json\/wp\/v2\/comments?post=17287"}],"version-history":[{"count":1,"href":"https:\/\/blogs.correiobraziliense.com.br\/vicente\/wp-json\/wp\/v2\/posts\/17287\/revisions"}],"predecessor-version":[{"id":17289,"href":"https:\/\/blogs.correiobraziliense.com.br\/vicente\/wp-json\/wp\/v2\/posts\/17287\/revisions\/17289"}],"wp:featuredmedia":[{"embeddable":true,"href":"https:\/\/blogs.correiobraziliense.com.br\/vicente\/wp-json\/wp\/v2\/media\/17288"}],"wp:attachment":[{"href":"https:\/\/blogs.correiobraziliense.com.br\/vicente\/wp-json\/wp\/v2\/media?parent=17287"}],"wp:term":[{"taxonomy":"category","embeddable":true,"href":"https:\/\/blogs.correiobraziliense.com.br\/vicente\/wp-json\/wp\/v2\/categories?post=17287"},{"taxonomy":"post_tag","embeddable":true,"href":"https:\/\/blogs.correiobraziliense.com.br\/vicente\/wp-json\/wp\/v2\/tags?post=17287"}],"curies":[{"name":"wp","href":"https:\/\/api.w.org\/{rel}","templated":true}]}}