{"id":17285,"date":"2021-02-01T15:01:34","date_gmt":"2021-02-01T18:01:34","guid":{"rendered":"https:\/\/blogs.correiobraziliense.com.br\/vicente\/?p=17285"},"modified":"2021-02-01T15:39:31","modified_gmt":"2021-02-01T18:39:31","slug":"no-bndes-menor-salario-e-de-r-3-780-e-o-maior-de-r-75-650","status":"publish","type":"post","link":"https:\/\/blogs.correiobraziliense.com.br\/vicente\/no-bndes-menor-salario-e-de-r-3-780-e-o-maior-de-r-75-650\/","title":{"rendered":"No BNDES, menor sal\u00e1rio \u00e9 de R$ 3.780 e o maior, de R$ 75.650"},"content":{"rendered":"<h2>Dados do Minist\u00e9rio da Economia apontam varia\u00e7\u00e3o salarial de 1.901% entre o menor contracheque, de R$ 3.780, e o maior, de R$ 75.650, no Banco Nacional de Desenvolvimento Econ\u00f4mico e Social (BNDES).<\/h2>\n<p>&nbsp;<\/p>\n<p>Ao divulgar informa\u00e7\u00f5es como essas de estatais, a pasta comandada por Paulo Guedes pretende explicitar os benef\u00edcios de empregados dessas companhias e tentar atrair apoio para um programa de privatiza\u00e7\u00e3o.<\/p>\n<p>&nbsp;<\/p>\n<p>O BNDES n\u00e3o est\u00e1 nesses planos, mas chama a aten\u00e7\u00e3o pelos altos sal\u00e1rios \u2014 a m\u00e9dia \u00e9 de R$ 29.230, muito maior do que na grande maioria das estatais listadas pela Economia.<\/p>\n<p>&nbsp;<\/p>\n<p>O vale-refei\u00e7\u00e3o dos empregados do BNDES \u00e9 de R$ 1.521,80 por m\u00eas. Ainda h\u00e1 aux\u00edlio de R$ 654, 88 para cesta alimenta\u00e7\u00e3o (s\u00e3o 13 parcelas por ano). Pelo Programa de Assist\u00eancia Educacional, cada empregado do banco recebe\u00a0R$ 1.261,65 por m\u00eas por dependente de at\u00e9 17 anos e 11 meses.<\/p>\n<p>&nbsp;<\/p>\n<p>Quanto ao plano de sa\u00fade, cada funcion\u00e1rio do BNDES custa, em m\u00e9dia, R$ 3.673,62 por m\u00eas ou R$ 44.083,47 por ano. Essas despesas tamb\u00e9m valem para aposentados pelo banco. A institui\u00e7\u00e3o contribui, ainda, com o plano de previd\u00eancia complementar de seus empregados. S\u00e3o quase R$ 180 milh\u00f5es por ano.<\/p>\n<p>&nbsp;<\/p>\n<p><em>Bras\u00edlia, 15h01min<\/em><\/p>\n","protected":false},"excerpt":{"rendered":"<p>Dados do Minist\u00e9rio da Economia apontam varia\u00e7\u00e3o salarial de 1.901% entre o menor contracheque, de R$ 3.780, e o maior, de R$ 75.650, no Banco Nacional de Desenvolvimento Econ\u00f4mico e Social (BNDES). &nbsp; Ao divulgar informa\u00e7\u00f5es como essas de estatais, a pasta comandada por Paulo Guedes pretende explicitar os benef\u00edcios de empregados dessas companhias e [&hellip;]<\/p>\n","protected":false},"author":22,"featured_media":12439,"comment_status":"open","ping_status":"closed","sticky":false,"template":"","format":"standard","meta":{"footnotes":""},"categories":[600],"tags":[5175,589,4943,5174,4547,5173],"class_list":["post-17285","post","type-post","status-publish","format-standard","has-post-thumbnail","hentry","category-economia","tag-de-r-75-650","tag-economia","tag-financas","tag-menor-salario-e-de-r-3-780-e-o-maior","tag-negocios","tag-no-bndes"],"_links":{"self":[{"href":"https:\/\/blogs.correiobraziliense.com.br\/vicente\/wp-json\/wp\/v2\/posts\/17285","targetHints":{"allow":["GET"]}}],"collection":[{"href":"https:\/\/blogs.correiobraziliense.com.br\/vicente\/wp-json\/wp\/v2\/posts"}],"about":[{"href":"https:\/\/blogs.correiobraziliense.com.br\/vicente\/wp-json\/wp\/v2\/types\/post"}],"author":[{"embeddable":true,"href":"https:\/\/blogs.correiobraziliense.com.br\/vicente\/wp-json\/wp\/v2\/users\/22"}],"replies":[{"embeddable":true,"href":"https:\/\/blogs.correiobraziliense.com.br\/vicente\/wp-json\/wp\/v2\/comments?post=17285"}],"version-history":[{"count":1,"href":"https:\/\/blogs.correiobraziliense.com.br\/vicente\/wp-json\/wp\/v2\/posts\/17285\/revisions"}],"predecessor-version":[{"id":17286,"href":"https:\/\/blogs.correiobraziliense.com.br\/vicente\/wp-json\/wp\/v2\/posts\/17285\/revisions\/17286"}],"wp:featuredmedia":[{"embeddable":true,"href":"https:\/\/blogs.correiobraziliense.com.br\/vicente\/wp-json\/wp\/v2\/media\/12439"}],"wp:attachment":[{"href":"https:\/\/blogs.correiobraziliense.com.br\/vicente\/wp-json\/wp\/v2\/media?parent=17285"}],"wp:term":[{"taxonomy":"category","embeddable":true,"href":"https:\/\/blogs.correiobraziliense.com.br\/vicente\/wp-json\/wp\/v2\/categories?post=17285"},{"taxonomy":"post_tag","embeddable":true,"href":"https:\/\/blogs.correiobraziliense.com.br\/vicente\/wp-json\/wp\/v2\/tags?post=17285"}],"curies":[{"name":"wp","href":"https:\/\/api.w.org\/{rel}","templated":true}]}}